{"id":90340,"date":"2026-09-03T07:19:01","date_gmt":"2026-09-03T11:19:01","guid":{"rendered":"https:\/\/mediamonitorbo.com.bo\/?p=27565"},"modified":"2026-09-03T07:19:01","modified_gmt":"2026-09-03T11:19:01","slug":"pecuaria-en-expocruz-recibira-a-delegaciones-de-al-menos-siete-paises","status":"publish","type":"post","link":"https:\/\/jms.com.bo\/mediamonitor\/2026\/09\/03\/pecuaria-en-expocruz-recibira-a-delegaciones-de-al-menos-siete-paises\/","title":{"rendered":"Pecuaria en Expocruz recibir\u00e1 a delegaciones de al menos siete pa\u00edses"},"content":{"rendered":"<p style=\"text-align: justify\">El sector cebuino se prepara para tener una participaci\u00f3n r\u00e9cord en Expocruz 2026, con una mayor cantidad de ejemplares y expositores de distintas razas, adem\u00e1s de la presencia de delegaciones y productores internacionales de al menos siete pa\u00edses.<\/p>\n<p style=\"text-align: justify\">El gerente general de la Asociaci\u00f3n Boliviana de Criadores de Ceb\u00fa (Asocebu), Fernando Baldomar, inform\u00f3 que el viernes concluy\u00f3 el registro de los animales que participar\u00e1n en el juzgamiento, considerado la principal actividad t\u00e9cnica de la asociaci\u00f3n durante la feria.<\/p>\n<p style=\"text-align: justify\">\u201cTenemos muy buena cantidad de ejemplares, con buena cantidad de expositores tambi\u00e9n, r\u00e9cord en ejemplares y expositores de diversas razas\u201d, destac\u00f3 a Canal Rural.<\/p>\n<p style=\"text-align: justify\">El crecimiento de la participaci\u00f3n refleja el peso que tiene la ganader\u00eda cebuina dentro de la econom\u00eda pecuaria boliviana, particularmente por su aporte al mejoramiento gen\u00e9tico y a la productividad del hato ganadero.<\/p>\n<p style=\"text-align: justify\">La Expocruz 2026 se llevar\u00e1 a cabo del 18 al 27 de septiembre de 2026 en el campo ferial Fexpocruz. Esta edici\u00f3n es muy especial porque celebra las bodas de oro con su 50.\u00aa versi\u00f3n internacional, que re\u00fane a m\u00e1s de 2.200 marcas y comitivas de 30 pa\u00edses.<\/p>\n<p style=\"text-align: justify\">Consulte tambi\u00e9n: A menos de un mes, Expocruz apunta a batir r\u00e9cord en participaci\u00f3n ganadera<\/p>\n<p style=\"text-align: justify\">Delegaciones<br \/>\nLa agenda de Expocruz tambi\u00e9n tendr\u00e1 un fuerte componente internacional. Baldomar confirm\u00f3 la participaci\u00f3n de delegaciones procedentes de Paraguay, Brasil, Colombia, Ecuador, M\u00e9xico y Guatemala, adem\u00e1s de productores y representantes del sector ganadero de Per\u00fa.<\/p>\n<p style=\"text-align: justify\">La presencia extranjera permitir\u00e1 generar espacios de intercambio entre criadores y especialistas, adem\u00e1s de mostrar el avance alcanzado por la ganader\u00eda boliviana en materia de gen\u00e9tica y producci\u00f3n.<\/p>\n<p style=\"text-align: justify\">Para Asoceb\u00fa, la feria se convierte as\u00ed en una vitrina comercial y t\u00e9cnica para el sector, donde la gen\u00e9tica adquiere un papel central para elevar los niveles de productividad y competitividad de la actividad pecuaria.<\/p>\n<p style=\"text-align: justify\">Gen\u00e9tica y formaci\u00f3n<br \/>\nM\u00e1s all\u00e1 del juzgamiento de animales, Asoceb\u00fa desarrollar\u00e1 actividades vinculadas con el mejoramiento gen\u00e9tico. El 22 de septiembre se prev\u00e9 un encuentro con la Asociaci\u00f3n Nacional de Criadores e Investigadores para abordar los avances y herramientas disponibles para fortalecer la calidad gen\u00e9tica del ganado.<\/p>\n<p style=\"text-align: justify\">La agenda tambi\u00e9n incorporar\u00e1 a estudiantes interesados en el sector pecuario. Baldomar explic\u00f3 que se organizar\u00e1n actividades orientadas a mostrar a los j\u00f3venes las distintas alternativas de formaci\u00f3n profesional y carreras vinculadas con la ganader\u00eda.<\/p>\n<p style=\"text-align: justify\">El objetivo es acercar a las nuevas generaciones a una actividad que, adem\u00e1s de la producci\u00f3n de carne y leche, demanda cada vez m\u00e1s conocimientos especializados en gen\u00e9tica, reproducci\u00f3n, manejo y tecnolog\u00eda aplicada al campo.<\/p>\n<p style=\"text-align: justify\">Con esta participaci\u00f3n, el sector cebuino busca que Expocruz no solo sea un escenario para exhibir animales de alta calidad, sino tambi\u00e9n un espacio para conectar productores, especialistas, estudiantes y compradores, fortaleciendo una cadena pecuaria con impacto directo en la econom\u00eda regional y nacional.<\/p>\n","protected":false},"excerpt":{"rendered":"<p>El sector cebuino se prepara para tener una participaci\u00f3n r\u00e9cord en Expocruz 2026, con una mayor cantidad de ejemplares y expositores de distintas razas, adem\u00e1s de la presencia de delegaciones y productores internacionales de al menos siete pa\u00edses. El gerente general de la Asociaci\u00f3n Boliviana de Criadores de Ceb\u00fa (Asocebu), Fernando Baldomar, inform\u00f3 que el [&hellip;]<\/p>\n","protected":false},"author":1,"featured_media":90341,"comment_status":"closed","ping_status":"open","sticky":false,"template":"","format":"standard","meta":{"footnotes":""},"categories":[57],"tags":[],"class_list":["post-90340","post","type-post","status-publish","format-standard","has-post-thumbnail","category-alimentos-y-agroindustria"],"_links":{"self":[{"href":"https:\/\/jms.com.bo\/mediamonitor\/wp-json\/wp\/v2\/posts\/90340","targetHints":{"allow":["GET"]}}],"collection":[{"href":"https:\/\/jms.com.bo\/mediamonitor\/wp-json\/wp\/v2\/posts"}],"about":[{"href":"https:\/\/jms.com.bo\/mediamonitor\/wp-json\/wp\/v2\/types\/post"}],"author":[{"embeddable":true,"href":"https:\/\/jms.com.bo\/mediamonitor\/wp-json\/wp\/v2\/users\/1"}],"replies":[{"embeddable":true,"href":"https:\/\/jms.com.bo\/mediamonitor\/wp-json\/wp\/v2\/comments?post=90340"}],"version-history":[{"count":0,"href":"https:\/\/jms.com.bo\/mediamonitor\/wp-json\/wp\/v2\/posts\/90340\/revisions"}],"wp:featuredmedia":[{"embeddable":true,"href":"https:\/\/jms.com.bo\/mediamonitor\/wp-json\/wp\/v2\/media\/90341"}],"wp:attachment":[{"href":"https:\/\/jms.com.bo\/mediamonitor\/wp-json\/wp\/v2\/media?parent=90340"}],"wp:term":[{"taxonomy":"category","embeddable":true,"href":"https:\/\/jms.com.bo\/mediamonitor\/wp-json\/wp\/v2\/categories?post=90340"},{"taxonomy":"post_tag","embeddable":true,"href":"https:\/\/jms.com.bo\/mediamonitor\/wp-json\/wp\/v2\/tags?post=90340"}],"curies":[{"name":"wp","href":"https:\/\/api.w.org\/{rel}","templated":true}]}}