{"id":90344,"date":"2026-09-03T07:21:29","date_gmt":"2026-09-03T11:21:29","guid":{"rendered":"https:\/\/mediamonitorbo.com.bo\/?p=27571"},"modified":"2026-09-03T07:21:29","modified_gmt":"2026-09-03T11:21:29","slug":"cao-ve-insuficiente-el-cupo-de-2-500-litros-y-exige-eliminar-el-doble-precio-del-diesel","status":"publish","type":"post","link":"https:\/\/jms.com.bo\/mediamonitor\/2026\/09\/03\/cao-ve-insuficiente-el-cupo-de-2-500-litros-y-exige-eliminar-el-doble-precio-del-diesel\/","title":{"rendered":"CAO ve insuficiente el cupo de 2.500 litros y exige eliminar el doble precio del di\u00e9sel"},"content":{"rendered":"<p style=\"text-align: justify\">El presidente de la C\u00e1mara Agropecuaria del Oriente (CAO), Klaus Frerking, calific\u00f3 como una medida \u201cparche\u201d la decisi\u00f3n del Gobierno de ampliar hasta 2.500 litros mensuales el volumen de di\u00e9sel subvencionado que pueden adquirir los peque\u00f1os productores agropecuarios.<\/p>\n<p style=\"text-align: justify\">Durante una entrevista en el programa ON- Otra Noche de EL DEBER, Frerking sostuvo que la nueva disposici\u00f3n responde a la presi\u00f3n de los productores, pero consider\u00f3 que no resuelve el problema estructural del abastecimiento de combustible. \u201cEs una medida parche\u201d, afirm\u00f3 al ser consultado sobre la decisi\u00f3n anunciada por el Gobierno.<\/p>\n<p style=\"text-align: justify\">El dirigente explic\u00f3 que el decreto inicialmente estaba orientado a los grandes consumidores de combustible y que, seg\u00fan su interpretaci\u00f3n, se dej\u00f3 de lado a los peque\u00f1os y medianos productores.<\/p>\n<p style=\"text-align: justify\">\u201cUn graco es de 20.000 litros para arriba, que va y compra directo, pero nunca se habl\u00f3 de los peque\u00f1os productores ni medianos\u201d, se\u00f1al\u00f3.<\/p>\n<p style=\"text-align: justify\">Frerking indic\u00f3 que los peque\u00f1os productores pueden tener un consumo mensual de entre cero y 5.000 litros, por lo que consider\u00f3 que la ampliaci\u00f3n del l\u00edmite hasta 2.500 litros corrige parcialmente una omisi\u00f3n de la normativa inicial. \u201cAhora han sacado a 2.500 porque se dieron cuenta que hab\u00edan cometido un error ah\u00ed\u201d, sostuvo.<\/p>\n<p style=\"text-align: justify\">M\u00e1s all\u00e1 de la ampliaci\u00f3n del cupo, el presidente de la CAO afirm\u00f3 que el problema no tendr\u00e1 una soluci\u00f3n definitiva mientras se mantenga un sistema con precios diferenciados para el combustible. \u201cEsto no se va a terminar hasta que no se elimine el doble precio para que se termine la especulaci\u00f3n, el mercado negro y sobre todo la corrupci\u00f3n\u201d, afirm\u00f3.<\/p>\n<p style=\"text-align: justify\">Seg\u00fan Frerking, mientras mayor sea la diferencia entre los precios establecidos para distintos sectores, mayores ser\u00e1n los incentivos para la especulaci\u00f3n y el comercio ilegal. \u201cMientras haya esos dobles precios y la diferencia de los precios sean muy amplios, no va a haber una soluci\u00f3n\u201d, enfatiz\u00f3.<\/p>\n<p style=\"text-align: justify\">El dirigente reclam\u00f3, por ello, una normativa que permita cerrar definitivamente esa brecha y transparentar el manejo del combustible en el pa\u00eds.<\/p>\n<p style=\"text-align: justify\">Frerking vincul\u00f3 adem\u00e1s su reclamo con la actual intervenci\u00f3n de Yacimientos Petrol\u00edferos Fiscales Bolivianos (YPFB) y pidi\u00f3 que se hagan p\u00fablicos los resultados de las investigaciones sobre la cadena de comercializaci\u00f3n de combustibles.<\/p>\n<p style=\"text-align: justify\">\u201cTambi\u00e9n pasa porque se transparente todo esto del combustible con esta intervenci\u00f3n de Yacimiento, que publiquen y que encuentren de d\u00f3nde ven\u00eda todo esto, esta corrupci\u00f3n de Yacimiento\u201d, manifest\u00f3.<\/p>\n<p style=\"text-align: justify\">El empresario y dirigente anunci\u00f3 que este tema ser\u00e1 llevado a una instancia de an\u00e1lisis junto al Comit\u00e9 pro Santa Cruz, durante la Asamblea de la Cruce\u00f1idad prevista para el 9 de septiembre.<\/p>\n<p style=\"text-align: justify\">\u00bfQu\u00e9 establece la nueva medida?<\/p>\n<p style=\"text-align: justify\">El Gobierno autoriz\u00f3 mediante el Decreto Supremo 5698 que los peque\u00f1os productores agropecuarios habilitados puedan comprar entre 121 y 2.500 litros de di\u00e9sel al mes a un precio subvencionado de Bs 9,80 por litro.<\/p>\n<p style=\"text-align: justify\">Para acceder al combustible deber\u00e1n estar habilitados por la Agencia Nacional de Hidrocarburos (ANH) y presentar su c\u00e9dula de identidad. Los productores registrados mediante el R\u00e9gimen Agropecuario Unificado (RAU) ser\u00e1n habilitados a partir de la informaci\u00f3n remitida peri\u00f3dicamente a la ANH.<\/p>\n<p style=\"text-align: justify\">La norma establece adem\u00e1s que el combustible adquirido debe ser destinado exclusivamente al consumo propio y proh\u00edbe su transferencia a terceros. Quienes incumplan esta disposici\u00f3n pueden perder la habilitaci\u00f3n para comprar di\u00e9sel bajo este r\u00e9gimen.<\/p>\n<p style=\"text-align: justify\">Aunque el Gobierno sostiene que la medida permitir\u00e1 atender las necesidades de un mayor n\u00famero de peque\u00f1os productores, Frerking insiste en que la soluci\u00f3n de fondo pasa por eliminar los precios diferenciados y transparentar toda la cadena de abastecimiento de combustibles.<\/p>\n","protected":false},"excerpt":{"rendered":"<p>El presidente de la C\u00e1mara Agropecuaria del Oriente (CAO), Klaus Frerking, calific\u00f3 como una medida \u201cparche\u201d la decisi\u00f3n del Gobierno de ampliar hasta 2.500 litros mensuales el volumen de di\u00e9sel subvencionado que pueden adquirir los peque\u00f1os productores agropecuarios. Durante una entrevista en el programa ON- Otra Noche de EL DEBER, Frerking sostuvo que la nueva [&hellip;]<\/p>\n","protected":false},"author":1,"featured_media":90345,"comment_status":"closed","ping_status":"open","sticky":false,"template":"","format":"standard","meta":{"footnotes":""},"categories":[57],"tags":[],"class_list":["post-90344","post","type-post","status-publish","format-standard","has-post-thumbnail","category-alimentos-y-agroindustria"],"_links":{"self":[{"href":"https:\/\/jms.com.bo\/mediamonitor\/wp-json\/wp\/v2\/posts\/90344","targetHints":{"allow":["GET"]}}],"collection":[{"href":"https:\/\/jms.com.bo\/mediamonitor\/wp-json\/wp\/v2\/posts"}],"about":[{"href":"https:\/\/jms.com.bo\/mediamonitor\/wp-json\/wp\/v2\/types\/post"}],"author":[{"embeddable":true,"href":"https:\/\/jms.com.bo\/mediamonitor\/wp-json\/wp\/v2\/users\/1"}],"replies":[{"embeddable":true,"href":"https:\/\/jms.com.bo\/mediamonitor\/wp-json\/wp\/v2\/comments?post=90344"}],"version-history":[{"count":0,"href":"https:\/\/jms.com.bo\/mediamonitor\/wp-json\/wp\/v2\/posts\/90344\/revisions"}],"wp:featuredmedia":[{"embeddable":true,"href":"https:\/\/jms.com.bo\/mediamonitor\/wp-json\/wp\/v2\/media\/90345"}],"wp:attachment":[{"href":"https:\/\/jms.com.bo\/mediamonitor\/wp-json\/wp\/v2\/media?parent=90344"}],"wp:term":[{"taxonomy":"category","embeddable":true,"href":"https:\/\/jms.com.bo\/mediamonitor\/wp-json\/wp\/v2\/categories?post=90344"},{"taxonomy":"post_tag","embeddable":true,"href":"https:\/\/jms.com.bo\/mediamonitor\/wp-json\/wp\/v2\/tags?post=90344"}],"curies":[{"name":"wp","href":"https:\/\/api.w.org\/{rel}","templated":true}]}}