{"id":90350,"date":"2026-09-03T07:25:25","date_gmt":"2026-09-03T11:25:25","guid":{"rendered":"https:\/\/mediamonitorbo.com.bo\/?p=27580"},"modified":"2026-09-03T07:25:25","modified_gmt":"2026-09-03T11:25:25","slug":"sin-respuesta-de-la-gobernacion-vecinos-anuncian-movilizaciones-contra-el-alza-de-setar","status":"publish","type":"post","link":"https:\/\/jms.com.bo\/mediamonitor\/2026\/09\/03\/sin-respuesta-de-la-gobernacion-vecinos-anuncian-movilizaciones-contra-el-alza-de-setar\/","title":{"rendered":"Sin respuesta de la Gobernaci\u00f3n, vecinos anuncian movilizaciones contra el alza de Setar"},"content":{"rendered":"<p style=\"text-align: justify\">Organizaciones vecinales y sectores sociales de Tarija anunciaron que este viernes definir\u00e1n medidas de presi\u00f3n contra el incremento de las tarifas de electricidad de Setar, luego de que la Gobernaci\u00f3n no respondiera al plazo de 72 horas otorgado para instalar una mesa de trabajo y explicar el aumento de las facturas.<\/p>\n<p style=\"text-align: justify\">El reclamo surgi\u00f3 tras un ampliado departamental de mercados y centros de abasto, donde representantes de diferentes sectores expresaron su preocupaci\u00f3n por el incremento de las tarifas el\u00e9ctricas, que, seg\u00fan denunciaron, tambi\u00e9n estar\u00eda afectando a familias en distintos barrios de Tarija.<\/p>\n<p style=\"text-align: justify\">Los dirigentes se\u00f1alaron que existen casos en los que las facturas aumentaron entre Bs 100 y Bs 400. Como ejemplo, mostraron una factura cuyo monto habr\u00eda pasado de Bs 228 a Bs 624 en un mes. Tras un reclamo, el monto fue reducido a Bs 548, seg\u00fan la denuncia presentada por los representantes.<\/p>\n<p style=\"text-align: justify\">Los sectores movilizados exigen que el gerente general, el gerente comercial y el \u00e1rea t\u00e9cnica de Setar expliquen las razones del incremento, la metodolog\u00eda utilizada para calcular las nuevas tarifas y el alcance de los estudios que sustentan los cobros.<\/p>\n<p style=\"text-align: justify\">Exigen respuesta de la Gobernaci\u00f3n<\/p>\n<p style=\"text-align: justify\">Los dirigentes cuestionaron que la Gobernaci\u00f3n no haya establecido una fecha para la instalaci\u00f3n de la mesa de trabajo solicitada. Seg\u00fan explicaron, el plazo de 72 horas otorgado a la instituci\u00f3n departamental ya se cumpli\u00f3 sin recibir una respuesta concreta.<\/p>\n<p style=\"text-align: justify\">Ante esta situaci\u00f3n, organizaciones como la Federaci\u00f3n de Mercados, la Federaci\u00f3n de Trabajadores por Cuenta Propia, representantes de barrios y otras agrupaciones anunciaron que adoptar\u00e1n medidas de presi\u00f3n.<\/p>\n<p style=\"text-align: justify\">La reuni\u00f3n est\u00e1 prevista para este viernes a las 19:00 en oficinas de la Fejuve Cercado, donde los diferentes sectores definir\u00e1n las acciones que asumir\u00e1n.<\/p>\n<p style=\"text-align: justify\">Entre las medidas que no se descartan est\u00e1 la realizaci\u00f3n de una marcha, aunque los dirigentes aclararon que todav\u00eda no existe una decisi\u00f3n sobre un eventual bloqueo u otra medida de mayor alcance.<\/p>\n<p style=\"text-align: justify\">Reclaman explicaci\u00f3n sobre las nuevas tarifas<\/p>\n<p style=\"text-align: justify\">Los representantes vecinales tambi\u00e9n pidieron que la Gobernaci\u00f3n y Setar expliquen p\u00fablicamente c\u00f3mo se determinaron los nuevos cobros y cu\u00e1l ser\u00e1 el impacto de los estudios realizados sobre las tarifas el\u00e9ctricas.<\/p>\n<p style=\"text-align: justify\">El reclamo no se limita a los precios. Los dirigentes anunciaron que tambi\u00e9n exigir\u00e1n revisar las facturaciones y verificar que los montos cobrados correspondan al consumo registrado.<\/p>\n<p style=\"text-align: justify\">\u201cVamos a tomar medidas de presi\u00f3n\u201d, advirtieron los representantes, quienes convocaron a los vecinos y a las organizaciones sociales a participar de la reuni\u00f3n del viernes.<\/p>\n<p style=\"text-align: justify\">Los sectores esperan que antes de esa fecha la Gobernaci\u00f3n atienda su pedido y convoque a una mesa t\u00e9cnica que permita revisar las facturas cuestionadas y encontrar una soluci\u00f3n al incremento de las tarifas de electricidad.<\/p>\n","protected":false},"excerpt":{"rendered":"<p>Organizaciones vecinales y sectores sociales de Tarija anunciaron que este viernes definir\u00e1n medidas de presi\u00f3n contra el incremento de las tarifas de electricidad de Setar, luego de que la Gobernaci\u00f3n no respondiera al plazo de 72 horas otorgado para instalar una mesa de trabajo y explicar el aumento de las facturas. El reclamo surgi\u00f3 tras [&hellip;]<\/p>\n","protected":false},"author":1,"featured_media":90351,"comment_status":"closed","ping_status":"open","sticky":false,"template":"","format":"standard","meta":{"footnotes":""},"categories":[49],"tags":[],"class_list":["post-90350","post","type-post","status-publish","format-standard","has-post-thumbnail","category-social"],"_links":{"self":[{"href":"https:\/\/jms.com.bo\/mediamonitor\/wp-json\/wp\/v2\/posts\/90350","targetHints":{"allow":["GET"]}}],"collection":[{"href":"https:\/\/jms.com.bo\/mediamonitor\/wp-json\/wp\/v2\/posts"}],"about":[{"href":"https:\/\/jms.com.bo\/mediamonitor\/wp-json\/wp\/v2\/types\/post"}],"author":[{"embeddable":true,"href":"https:\/\/jms.com.bo\/mediamonitor\/wp-json\/wp\/v2\/users\/1"}],"replies":[{"embeddable":true,"href":"https:\/\/jms.com.bo\/mediamonitor\/wp-json\/wp\/v2\/comments?post=90350"}],"version-history":[{"count":0,"href":"https:\/\/jms.com.bo\/mediamonitor\/wp-json\/wp\/v2\/posts\/90350\/revisions"}],"wp:featuredmedia":[{"embeddable":true,"href":"https:\/\/jms.com.bo\/mediamonitor\/wp-json\/wp\/v2\/media\/90351"}],"wp:attachment":[{"href":"https:\/\/jms.com.bo\/mediamonitor\/wp-json\/wp\/v2\/media?parent=90350"}],"wp:term":[{"taxonomy":"category","embeddable":true,"href":"https:\/\/jms.com.bo\/mediamonitor\/wp-json\/wp\/v2\/categories?post=90350"},{"taxonomy":"post_tag","embeddable":true,"href":"https:\/\/jms.com.bo\/mediamonitor\/wp-json\/wp\/v2\/tags?post=90350"}],"curies":[{"name":"wp","href":"https:\/\/api.w.org\/{rel}","templated":true}]}}