{"id":90354,"date":"2026-09-03T07:30:29","date_gmt":"2026-09-03T11:30:29","guid":{"rendered":"https:\/\/mediamonitorbo.com.bo\/?p=27586"},"modified":"2026-09-03T07:30:29","modified_gmt":"2026-09-03T11:30:29","slug":"ministro-mauricio-zamora-anuncia-retorno-de-ecojet-a-tarija-y-sucre","status":"publish","type":"post","link":"https:\/\/jms.com.bo\/mediamonitor\/2026\/09\/03\/ministro-mauricio-zamora-anuncia-retorno-de-ecojet-a-tarija-y-sucre\/","title":{"rendered":"Ministro Mauricio Zamora anuncia retorno de Ecojet a Tarija y Sucre"},"content":{"rendered":"<p style=\"text-align: justify\">La conectividad a\u00e9rea entre Tarija, Sucre y otras regiones del pa\u00eds tendr\u00e1 una nueva alternativa desde mediados de septiembre, con el anunciado retorno de Ecojet a ambas ciudades.<\/p>\n<p style=\"text-align: justify\">El ministro de Obras P\u00fablicas, Mauricio Zamora, inform\u00f3 que la aerol\u00ednea tiene previsto reanudar sus operaciones el pr\u00f3ximo 14 de septiembre, incorporando nuevamente a Sucre y Tarija dentro de su red nacional de destinos.<\/p>\n<p style=\"text-align: justify\">El retorno contempla un incremento en la oferta de vuelos. En el caso de Sucre, Ecojet dispondr\u00e1 de seis frecuencias semanales, mientras que Tarija contar\u00e1 con cuatro operaciones por semana. La medida busca ampliar las opciones de transporte a\u00e9reo para los pasajeros y fortalecer la conexi\u00f3n de ambas ciudades con otros puntos del territorio nacional.<\/p>\n<p style=\"text-align: justify\">La vuelta de la compa\u00f1\u00eda representa adem\u00e1s la recuperaci\u00f3n de rutas que permanecieron suspendidas durante varios a\u00f1os. Sucre dej\u00f3 de contar con operaciones de Ecojet hace aproximadamente dos a\u00f1os, mientras que Tarija permaneci\u00f3 al margen de la programaci\u00f3n de la aerol\u00ednea durante seis a\u00f1os.<\/p>\n<p style=\"text-align: justify\">El anuncio se produce luego de gestiones realizadas ante la empresa para posibilitar el restablecimiento de sus operaciones en ambas ciudades. Con la programaci\u00f3n anunciada, Ecojet volver\u00e1 a incluir a Sucre y Tarija entre sus destinos, ampliando la presencia de la compa\u00f1\u00eda en el mercado a\u00e9reo boliviano.<\/p>\n<p style=\"text-align: justify\">Para Tarija, el retorno adquiere especial relevancia debido a la necesidad de fortalecer la conectividad a\u00e9rea y disponer de mayores alternativas para pasajeros que requieren trasladarse hacia otras regiones del pa\u00eds. La incorporaci\u00f3n de nuevas frecuencias tambi\u00e9n puede favorecer los desplazamientos por motivos comerciales, familiares y tur\u00edsticos.<\/p>\n<p style=\"text-align: justify\">La reanudaci\u00f3n de estos vuelos se suma as\u00ed a las acciones orientadas a recuperar y ampliar la oferta de transporte a\u00e9reo en el pa\u00eds, en un escenario en el que la disponibilidad de frecuencias y rutas constituye un factor importante para la movilidad de pasajeros y la actividad econ\u00f3mica de las ciudades.<\/p>\n","protected":false},"excerpt":{"rendered":"<p>La conectividad a\u00e9rea entre Tarija, Sucre y otras regiones del pa\u00eds tendr\u00e1 una nueva alternativa desde mediados de septiembre, con el anunciado retorno de Ecojet a ambas ciudades. El ministro de Obras P\u00fablicas, Mauricio Zamora, inform\u00f3 que la aerol\u00ednea tiene previsto reanudar sus operaciones el pr\u00f3ximo 14 de septiembre, incorporando nuevamente a Sucre y Tarija [&hellip;]<\/p>\n","protected":false},"author":1,"featured_media":90355,"comment_status":"closed","ping_status":"open","sticky":false,"template":"","format":"standard","meta":{"footnotes":""},"categories":[20],"tags":[],"class_list":["post-90354","post","type-post","status-publish","format-standard","has-post-thumbnail","category-actualidad"],"_links":{"self":[{"href":"https:\/\/jms.com.bo\/mediamonitor\/wp-json\/wp\/v2\/posts\/90354","targetHints":{"allow":["GET"]}}],"collection":[{"href":"https:\/\/jms.com.bo\/mediamonitor\/wp-json\/wp\/v2\/posts"}],"about":[{"href":"https:\/\/jms.com.bo\/mediamonitor\/wp-json\/wp\/v2\/types\/post"}],"author":[{"embeddable":true,"href":"https:\/\/jms.com.bo\/mediamonitor\/wp-json\/wp\/v2\/users\/1"}],"replies":[{"embeddable":true,"href":"https:\/\/jms.com.bo\/mediamonitor\/wp-json\/wp\/v2\/comments?post=90354"}],"version-history":[{"count":0,"href":"https:\/\/jms.com.bo\/mediamonitor\/wp-json\/wp\/v2\/posts\/90354\/revisions"}],"wp:featuredmedia":[{"embeddable":true,"href":"https:\/\/jms.com.bo\/mediamonitor\/wp-json\/wp\/v2\/media\/90355"}],"wp:attachment":[{"href":"https:\/\/jms.com.bo\/mediamonitor\/wp-json\/wp\/v2\/media?parent=90354"}],"wp:term":[{"taxonomy":"category","embeddable":true,"href":"https:\/\/jms.com.bo\/mediamonitor\/wp-json\/wp\/v2\/categories?post=90354"},{"taxonomy":"post_tag","embeddable":true,"href":"https:\/\/jms.com.bo\/mediamonitor\/wp-json\/wp\/v2\/tags?post=90354"}],"curies":[{"name":"wp","href":"https:\/\/api.w.org\/{rel}","templated":true}]}}