{"id":90356,"date":"2026-09-03T07:32:17","date_gmt":"2026-09-03T11:32:17","guid":{"rendered":"https:\/\/mediamonitorbo.com.bo\/?p=27589"},"modified":"2026-09-03T07:32:17","modified_gmt":"2026-09-03T11:32:17","slug":"tariquia-tribunal-agroambiental-declara-legal-recurso-de-comunarios-y-revisara-decision-sobre-domo-oso-x-3","status":"publish","type":"post","link":"https:\/\/jms.com.bo\/mediamonitor\/2026\/09\/03\/tariquia-tribunal-agroambiental-declara-legal-recurso-de-comunarios-y-revisara-decision-sobre-domo-oso-x-3\/","title":{"rendered":"Tariqu\u00eda: Tribunal Agroambiental declara legal recurso de comunarios y revisar\u00e1 decisi\u00f3n sobre Domo Oso X-3"},"content":{"rendered":"<p style=\"text-align: justify\">El Tribunal Agroambiental declar\u00f3 legal la compulsa presentada por los comunarios de Chiquiac\u00e1 Sur, Nelly Coca y Andr\u00e9s Miranda, quienes cuestionaron una decisi\u00f3n del Juzgado Agroambiental de Entre R\u00edos relacionada con el proyecto Domo Oso X-3 en Tariqu\u00eda.<\/p>\n<p style=\"text-align: justify\">Los comunarios hab\u00edan solicitado el 26 de junio nuevas medidas de protecci\u00f3n, entre ellas la suspensi\u00f3n temporal de las actividades del proyecto, adem\u00e1s de la producci\u00f3n de pruebas e informaci\u00f3n relacionada con el agua, recursos h\u00eddricos, licenciamiento ambiental y el Plan de Manejo de Tariqu\u00eda.<\/p>\n<p style=\"text-align: justify\">Sin embargo, mediante el Auto Interlocutorio Definitivo N.\u00ba 53\/2026, el juez no dispuso la paralizaci\u00f3n del proyecto y orden\u00f3 a Petrobras socializar el Estudio de Evaluaci\u00f3n de Impacto Ambiental (EEIA) con las comunidades.<\/p>\n<p style=\"text-align: justify\">Los comunarios intentaron que esta decisi\u00f3n fuera revisada por el Tribunal Agroambiental, pero el recurso fue rechazado inicialmente por el juez. Ante ello, presentaron una compulsa.<\/p>\n<p style=\"text-align: justify\">Con la determinaci\u00f3n del Tribunal Agroambiental, el juez deber\u00e1 dar curso al recurso para que la instancia superior pueda revisar la decisi\u00f3n cuestionada.<\/p>\n","protected":false},"excerpt":{"rendered":"<p>El Tribunal Agroambiental declar\u00f3 legal la compulsa presentada por los comunarios de Chiquiac\u00e1 Sur, Nelly Coca y Andr\u00e9s Miranda, quienes cuestionaron una decisi\u00f3n del Juzgado Agroambiental de Entre R\u00edos relacionada con el proyecto Domo Oso X-3 en Tariqu\u00eda. Los comunarios hab\u00edan solicitado el 26 de junio nuevas medidas de protecci\u00f3n, entre ellas la suspensi\u00f3n temporal [&hellip;]<\/p>\n","protected":false},"author":1,"featured_media":90357,"comment_status":"closed","ping_status":"open","sticky":false,"template":"","format":"standard","meta":{"footnotes":""},"categories":[20,47,48],"tags":[],"class_list":["post-90356","post","type-post","status-publish","format-standard","has-post-thumbnail","category-actualidad","category-portada-actualidad","category-portada-general-sitio"],"_links":{"self":[{"href":"https:\/\/jms.com.bo\/mediamonitor\/wp-json\/wp\/v2\/posts\/90356","targetHints":{"allow":["GET"]}}],"collection":[{"href":"https:\/\/jms.com.bo\/mediamonitor\/wp-json\/wp\/v2\/posts"}],"about":[{"href":"https:\/\/jms.com.bo\/mediamonitor\/wp-json\/wp\/v2\/types\/post"}],"author":[{"embeddable":true,"href":"https:\/\/jms.com.bo\/mediamonitor\/wp-json\/wp\/v2\/users\/1"}],"replies":[{"embeddable":true,"href":"https:\/\/jms.com.bo\/mediamonitor\/wp-json\/wp\/v2\/comments?post=90356"}],"version-history":[{"count":0,"href":"https:\/\/jms.com.bo\/mediamonitor\/wp-json\/wp\/v2\/posts\/90356\/revisions"}],"wp:featuredmedia":[{"embeddable":true,"href":"https:\/\/jms.com.bo\/mediamonitor\/wp-json\/wp\/v2\/media\/90357"}],"wp:attachment":[{"href":"https:\/\/jms.com.bo\/mediamonitor\/wp-json\/wp\/v2\/media?parent=90356"}],"wp:term":[{"taxonomy":"category","embeddable":true,"href":"https:\/\/jms.com.bo\/mediamonitor\/wp-json\/wp\/v2\/categories?post=90356"},{"taxonomy":"post_tag","embeddable":true,"href":"https:\/\/jms.com.bo\/mediamonitor\/wp-json\/wp\/v2\/tags?post=90356"}],"curies":[{"name":"wp","href":"https:\/\/api.w.org\/{rel}","templated":true}]}}