{"id":90362,"date":"2026-09-03T07:38:02","date_gmt":"2026-09-03T11:38:02","guid":{"rendered":"https:\/\/mediamonitorbo.com.bo\/?p=27598"},"modified":"2026-09-03T07:38:02","modified_gmt":"2026-09-03T11:38:02","slug":"asamblea-legislativa-de-santa-cruz-aprueba-proyecto-de-ley-antibloqueos","status":"publish","type":"post","link":"https:\/\/jms.com.bo\/mediamonitor\/2026\/09\/03\/asamblea-legislativa-de-santa-cruz-aprueba-proyecto-de-ley-antibloqueos\/","title":{"rendered":"Asamblea Legislativa de Santa Cruz aprueba proyecto de \u201cley antibloqueos\u201d"},"content":{"rendered":"<p style=\"text-align: justify\">La Asamblea Legislativa Departamental de Santa Cruz aprob\u00f3 este mi\u00e9rcoles, en grande y en detalle, el denominado proyecto de \u201cley antibloqueos\u201d, que regula la atenci\u00f3n de contingencias provocadas por bloqueos de v\u00edas y prioriza la protecci\u00f3n de derechos como la vida, la salud, la libre circulaci\u00f3n y el abastecimiento de alimentos, entre otros.<\/p>\n<p style=\"text-align: justify\">\u201cQueda aprobado en grande y en detalle la Ley Departamental de Prevenci\u00f3n, Coordinaci\u00f3n Interinstitucional y Atenci\u00f3n de Contingencias ante Bloqueos de V\u00edas en el Departamento de Santa Cruz\u201d, inform\u00f3 el asamble\u00edsta Javier Taborga, quien presidi\u00f3 la sesi\u00f3n.<\/p>\n<p style=\"text-align: justify\">De acuerdo con el informe presentado durante la sesi\u00f3n, la norma fue aprobada a ra\u00edz de los perjuicios generados por los bloqueos. Se argument\u00f3 que el proyecto se constituir\u00e1 en un mecanismo id\u00f3neo para la protecci\u00f3n de los derechos fundamentales de la poblaci\u00f3n y en una medida de mitigaci\u00f3n ante los efectos adversos de estas pr\u00e1cticas, que deterioran el desarrollo econ\u00f3mico y productivo del departamento.<\/p>\n<p style=\"text-align: justify\">Durante la sesi\u00f3n se remarc\u00f3 que la normativa fue trabajada de manera conjunta y coordinada con las instancias del Gobierno Aut\u00f3nomo Departamental de Santa Cruz y que no contraviene la Constituci\u00f3n Pol\u00edtica del Estado, el Estatuto Auton\u00f3mico ni otras normativas vigentes.<\/p>\n<p style=\"text-align: justify\">De acuerdo con el proyecto, no se restringe el derecho a la protesta p\u00fablica y pac\u00edfica, sin armas; \u00fanicamente se regulan los mecanismos preventivos de coordinaci\u00f3n y atenci\u00f3n de contingencias frente a los efectos de los bloqueos sobre terceros ajenos al conflicto.<\/p>\n<p style=\"text-align: justify\">La norma busca proteger los derechos fundamentales de la poblaci\u00f3n, entre ellos el derecho a la vida, la integridad f\u00edsica, la salud, la alimentaci\u00f3n, el trabajo, la libre circulaci\u00f3n y la seguridad personal, as\u00ed como el derecho a no ser sometido a coacci\u00f3n ni sufrir da\u00f1os en la propiedad privada.<\/p>\n<p style=\"text-align: justify\">Adem\u00e1s, establece sanciones para quienes incurran en afectaciones mediante bloqueos, de acuerdo con las competencias del Gobierno Aut\u00f3nomo Departamental de Santa Cruz.<\/p>\n","protected":false},"excerpt":{"rendered":"<p>La Asamblea Legislativa Departamental de Santa Cruz aprob\u00f3 este mi\u00e9rcoles, en grande y en detalle, el denominado proyecto de \u201cley antibloqueos\u201d, que regula la atenci\u00f3n de contingencias provocadas por bloqueos de v\u00edas y prioriza la protecci\u00f3n de derechos como la vida, la salud, la libre circulaci\u00f3n y el abastecimiento de alimentos, entre otros. \u201cQueda aprobado [&hellip;]<\/p>\n","protected":false},"author":1,"featured_media":90363,"comment_status":"closed","ping_status":"open","sticky":false,"template":"","format":"standard","meta":{"footnotes":""},"categories":[18,48,46],"tags":[],"class_list":["post-90362","post","type-post","status-publish","format-standard","has-post-thumbnail","category-politica","category-portada-general-sitio","category-portada-politica"],"_links":{"self":[{"href":"https:\/\/jms.com.bo\/mediamonitor\/wp-json\/wp\/v2\/posts\/90362","targetHints":{"allow":["GET"]}}],"collection":[{"href":"https:\/\/jms.com.bo\/mediamonitor\/wp-json\/wp\/v2\/posts"}],"about":[{"href":"https:\/\/jms.com.bo\/mediamonitor\/wp-json\/wp\/v2\/types\/post"}],"author":[{"embeddable":true,"href":"https:\/\/jms.com.bo\/mediamonitor\/wp-json\/wp\/v2\/users\/1"}],"replies":[{"embeddable":true,"href":"https:\/\/jms.com.bo\/mediamonitor\/wp-json\/wp\/v2\/comments?post=90362"}],"version-history":[{"count":0,"href":"https:\/\/jms.com.bo\/mediamonitor\/wp-json\/wp\/v2\/posts\/90362\/revisions"}],"wp:featuredmedia":[{"embeddable":true,"href":"https:\/\/jms.com.bo\/mediamonitor\/wp-json\/wp\/v2\/media\/90363"}],"wp:attachment":[{"href":"https:\/\/jms.com.bo\/mediamonitor\/wp-json\/wp\/v2\/media?parent=90362"}],"wp:term":[{"taxonomy":"category","embeddable":true,"href":"https:\/\/jms.com.bo\/mediamonitor\/wp-json\/wp\/v2\/categories?post=90362"},{"taxonomy":"post_tag","embeddable":true,"href":"https:\/\/jms.com.bo\/mediamonitor\/wp-json\/wp\/v2\/tags?post=90362"}],"curies":[{"name":"wp","href":"https:\/\/api.w.org\/{rel}","templated":true}]}}