{"id":90368,"date":"2026-09-03T07:43:50","date_gmt":"2026-09-03T11:43:50","guid":{"rendered":"https:\/\/mediamonitorbo.com.bo\/?p=27610"},"modified":"2026-09-03T07:43:50","modified_gmt":"2026-09-03T11:43:50","slug":"ratifican-necesidad-de-reducir-el-gasto-publico-para-afrontar-la-crisis","status":"publish","type":"post","link":"https:\/\/jms.com.bo\/mediamonitor\/2026\/09\/03\/ratifican-necesidad-de-reducir-el-gasto-publico-para-afrontar-la-crisis\/","title":{"rendered":"Ratifican necesidad de reducir el gasto p\u00fablico para afrontar la crisis"},"content":{"rendered":"<p style=\"text-align: justify\">En un pronunciamiento de la Plataforma de la Sociedad Civil para la Incidencia Econ\u00f3mica y Social, sobre la escasez de combustibles, plantearon la urgente necesidad que el Gobierno reduzca el gasto p\u00fablico ante la crisis econ\u00f3mica actual.<\/p>\n<p style=\"text-align: justify\">El Estado boliviano ha registrado, por m\u00e1s de una d\u00e9cada, un profundo y persistente d\u00e9ficit fiscal (m\u00e1s gastos que ingresos), cercano e incluso mayor a 10% del PIB, en los \u00faltimos a\u00f1os. Este d\u00e9ficit es resultado del modelo aplicado por los anteriores gobiernos de incrementar el gasto p\u00fablico persistentemente para impulsar la demanda interna, en un escenario de ca\u00edda de ingresos fiscales (principalmente hidrocarburos).<\/p>\n<p style=\"text-align: justify\">Asimismo, se han destinado importantes recursos orientados a la creaci\u00f3n y fortalecimiento de las empresas estatales que, en general, no han demostrado rentabilidad o costo-efectividad.<\/p>\n<p style=\"text-align: justify\">En este contexto, el crecimiento del gasto p\u00fablico ha sido financiado con deuda externa, las Reservas Internacionales (hasta su agotamiento), cr\u00e9dito del Banco Central, los fondos de pensiones y, finalmente, con emisi\u00f3n monetaria.<\/p>\n<p style=\"text-align: justify\">Esta din\u00e1mica, adem\u00e1s que ha desplazado las inversiones del sector productivo privado (limitando las oportunidades de creaci\u00f3n de empleo), conlleva diferentes problemas econ\u00f3micos. El aumento del gasto p\u00fablico y su forma de financiarlo mediante aumento de la base monetaria (emisi\u00f3n) ha producido inevitables presiones inflacionarias, adem\u00e1s que fue un factor que gener\u00f3 la crisis cambiaria.<\/p>\n<p style=\"text-align: justify\">La inflaci\u00f3n deteriora r\u00e1pidamente el poder adquisitivo de las familias bolivianas, castigando con mayor dureza a los sectores m\u00e1s vulnerables de la sociedad. Es as\u00ed que el costo del elevado gasto p\u00fablico y consecuente endeudamiento se traslada a la poblaci\u00f3n y a futuras generaciones.Referencia geogr\u00e1fica<\/p>\n<p style=\"text-align: justify\">Durante varias gestiones de gobierno se ha recurrido, de manera constante, a endeudamiento para financiar gastos corrientes (gastos operativos de un Estado), principalmente deuda interna en los \u00faltimos a\u00f1os, lo que vulnera un principio de sostenibilidad fiscal.<\/p>\n<p style=\"text-align: justify\">El aumento del gasto p\u00fablico, y en un escenario de ingresos limitados, es uno de los principales factores que han conducido al pa\u00eds a la actual situaci\u00f3n de crisis.<\/p>\n<p style=\"text-align: justify\">Es por esto que uno de los principales temas de la agenda econ\u00f3mica, ante el deterioro macroecon\u00f3mico gestado durante varios a\u00f1os, era y es la urgente disminuci\u00f3n del gasto p\u00fablico y, por ende, del d\u00e9ficit fiscal.<\/p>\n<p style=\"text-align: justify\">Al respecto, el Presupuesto Modificado 2026 (replanteado por el nuevo Gobierno), recientemente aprobado, no refleja la anunciada y necesaria disminuci\u00f3n de los gastos.<\/p>\n<p style=\"text-align: justify\">Ya se tiene en puerta la formulaci\u00f3n del Presupuesto 2027 y es urgente revertir esta din\u00e1mica. Posponer el ajuste del gasto p\u00fablico representa un alto riesgo de caer en una situaci\u00f3n econ\u00f3mica mucho m\u00e1s complicada en adelante. Los recursos de financiamiento externo son y ser\u00e1n insuficientes ante las m\u00faltiples obligaciones y necesidades que afronta el pa\u00eds.<\/p>\n<p style=\"text-align: justify\">Por tanto, preocupados por esta situaci\u00f3n, desde las instituciones de la Plataforma de la Sociedad Civil para la Incidencia Econ\u00f3mica y Social, consideramos necesario y oportuno que se realice una significativa reducci\u00f3n del gasto p\u00fablico y del d\u00e9ficit fiscal, orientada hacia la sostenibilidad fiscal y a recuperar la estabilidad de la econom\u00eda.Econom\u00eda<\/p>\n<p style=\"text-align: justify\">Nos referimos a una reestructuraci\u00f3n fiscal profunda, puesto que los limitados recursos, adem\u00e1s, deben reorientarse bajo criterios de eficiencia y priorizaci\u00f3n. La reducci\u00f3n del gasto debiera aplicarse sobre el gasto p\u00fablico ineficiente, burocr\u00e1tico e improductivo, lo que incluye a las empresas estatales deficitarias; resguardando e incluso priorizando el gasto orientado a programas de protecci\u00f3n social para los sectores de mayor vulnerabilidad.<\/p>\n<p style=\"text-align: justify\">Adem\u00e1s de reducir el gasto y el tama\u00f1o del aparato estatal a trav\u00e9s de una pol\u00edtica fiscal austera, consideramos fundamental desarrollar un marco de gobernanza de las finanzas p\u00fablicas orientado a garantizar el uso eficiente y equitativo de los limitados recursos p\u00fablicos, y la responsabilidad por el equilibrio presupuestario y la sostenibilidad; a trav\u00e9s de mecanismos de transparencia, rendici\u00f3n de cuentas y sistemas de control y gesti\u00f3n adecuados. Se podr\u00eda incluir la conformaci\u00f3n de un comit\u00e9 t\u00e9cnico de Pol\u00edtica Fiscal que sea independiente y la aplicaci\u00f3n de reglas fiscales que permitan restablecer el equilibrio y eviten caer nuevamente en esta din\u00e1mica de gasto excesivo, d\u00e9ficit y endeudamiento en el futuro.Pol\u00edtica<\/p>\n<p style=\"text-align: justify\">Finalmente, planteamos que estas correcciones deban ser acompa\u00f1adas por la restituci\u00f3n de la autonom\u00eda del Banco Central de Bolivia, limitando el financiamiento directo al sector p\u00fablico, con la finalidad de frenar la emisi\u00f3n inorg\u00e1nica y as\u00ed contener la presi\u00f3n inflacionaria.Pol\u00edtica<\/p>\n<p style=\"text-align: justify\">Como parte de la sociedad civil, continuaremos vigilantes y comprometidos en la construcci\u00f3n de propuestas t\u00e9cnicas para procurar la estabilidad y el bienestar de la poblaci\u00f3n.<\/p>\n","protected":false},"excerpt":{"rendered":"<p>En un pronunciamiento de la Plataforma de la Sociedad Civil para la Incidencia Econ\u00f3mica y Social, sobre la escasez de combustibles, plantearon la urgente necesidad que el Gobierno reduzca el gasto p\u00fablico ante la crisis econ\u00f3mica actual. El Estado boliviano ha registrado, por m\u00e1s de una d\u00e9cada, un profundo y persistente d\u00e9ficit fiscal (m\u00e1s gastos [&hellip;]<\/p>\n","protected":false},"author":1,"featured_media":90369,"comment_status":"closed","ping_status":"open","sticky":false,"template":"","format":"standard","meta":{"footnotes":""},"categories":[25,45,48],"tags":[],"class_list":["post-90368","post","type-post","status-publish","format-standard","has-post-thumbnail","category-economia","category-portada-economia","category-portada-general-sitio"],"_links":{"self":[{"href":"https:\/\/jms.com.bo\/mediamonitor\/wp-json\/wp\/v2\/posts\/90368","targetHints":{"allow":["GET"]}}],"collection":[{"href":"https:\/\/jms.com.bo\/mediamonitor\/wp-json\/wp\/v2\/posts"}],"about":[{"href":"https:\/\/jms.com.bo\/mediamonitor\/wp-json\/wp\/v2\/types\/post"}],"author":[{"embeddable":true,"href":"https:\/\/jms.com.bo\/mediamonitor\/wp-json\/wp\/v2\/users\/1"}],"replies":[{"embeddable":true,"href":"https:\/\/jms.com.bo\/mediamonitor\/wp-json\/wp\/v2\/comments?post=90368"}],"version-history":[{"count":0,"href":"https:\/\/jms.com.bo\/mediamonitor\/wp-json\/wp\/v2\/posts\/90368\/revisions"}],"wp:featuredmedia":[{"embeddable":true,"href":"https:\/\/jms.com.bo\/mediamonitor\/wp-json\/wp\/v2\/media\/90369"}],"wp:attachment":[{"href":"https:\/\/jms.com.bo\/mediamonitor\/wp-json\/wp\/v2\/media?parent=90368"}],"wp:term":[{"taxonomy":"category","embeddable":true,"href":"https:\/\/jms.com.bo\/mediamonitor\/wp-json\/wp\/v2\/categories?post=90368"},{"taxonomy":"post_tag","embeddable":true,"href":"https:\/\/jms.com.bo\/mediamonitor\/wp-json\/wp\/v2\/tags?post=90368"}],"curies":[{"name":"wp","href":"https:\/\/api.w.org\/{rel}","templated":true}]}}