{"id":90370,"date":"2026-09-03T07:45:35","date_gmt":"2026-09-03T11:45:35","guid":{"rendered":"https:\/\/mediamonitorbo.com.bo\/?p=27613"},"modified":"2026-09-03T07:45:35","modified_gmt":"2026-09-03T11:45:35","slug":"adelat-advierte-que-tarifas-electricas-de-la-region-deben-adaptarse-a-nuevas-redes","status":"publish","type":"post","link":"https:\/\/jms.com.bo\/mediamonitor\/2026\/09\/03\/adelat-advierte-que-tarifas-electricas-de-la-region-deben-adaptarse-a-nuevas-redes\/","title":{"rendered":"Adelat advierte que tarifas el\u00e9ctricas de la regi\u00f3n deben adaptarse a nuevas redes"},"content":{"rendered":"<p style=\"text-align: justify\">Un informe de la Asociaci\u00f3n de Distribuidores de Electricidad de Am\u00e9rica Latina (ADELAT), publicado en julio advierte que las tarifas el\u00e9ctricas que se cobran en Latinoam\u00e9rica deben adaptarse a las nuevas redes que rigen en la actualidad.<\/p>\n<p style=\"text-align: justify\">La expansi\u00f3n de la energ\u00eda solar, la electrificaci\u00f3n del transporte, el almacenamiento y la digitalizaci\u00f3n ponen en jaque uno de los principios tradicionales de la regulaci\u00f3n el\u00e9ctrica en Am\u00e9rica Latina: cobrar principalmente por la cantidad de energ\u00eda consumida.<\/p>\n<p style=\"text-align: justify\">Seg\u00fan una publicaci\u00f3n de PV Magazine, el problema se vuelve particularmente evidente con la generaci\u00f3n distribuida. Un hogar que instala paneles solares puede reducir de manera significativa los kilovatios hora (kWh) que compra a la distribuidora, pero contin\u00faa necesitando la red para respaldarse cuando no produce suficiente energ\u00eda. De esta manera, la relaci\u00f3n entre energ\u00eda consumida y costo de mantener la infraestructura comienza a romperse.<\/p>\n<p style=\"text-align: justify\">A esto se suma la electrificaci\u00f3n, que puede generar nuevos picos de demanda. En ese contexto, ya no importa \u00fanicamente cu\u00e1nto consume un usuario, sino tambi\u00e9n cu\u00e1ndo y con qu\u00e9 potencia utiliza la red.<\/p>\n<p style=\"text-align: justify\">Bolivia<br \/>\nDentro de los 11 pa\u00edses analizados por ADELAT, Bolivia figura entre los mercados que utilizan un esquema de precio tope basado en costos eficientes. El peaje de distribuci\u00f3n est\u00e1 integrado en la tarifa y la diferenciaci\u00f3n horaria se concentra b\u00e1sicamente en los consumidores de grandes demandas.<\/p>\n<p style=\"text-align: justify\">El pa\u00eds tambi\u00e9n mantiene un mecanismo de subsidio cruzado que otorga un descuento del 25% a los consumos de hasta 70 kWh mensuales.<\/p>\n<p style=\"text-align: justify\">El informe muestra que este dise\u00f1o no es exclusivo de Bolivia. Chile, Guatemala y Per\u00fa tambi\u00e9n utilizan como referencia una empresa modelo eficiente, mientras Brasil combina regulaci\u00f3n por incentivos y precio tope a partir de comparaciones entre distribuidoras.<\/p>\n<p style=\"text-align: justify\">Colombia representa una excepci\u00f3n al utilizar un esquema de ingreso m\u00e1ximo o revenue cap. Costa Rica, Ecuador y Paraguay, en tanto, se acercan m\u00e1s a modelos de servicio al costo.<\/p>\n<p style=\"text-align: justify\">Tarifas<br \/>\nUno de los principales cuestionamientos de ADELAT apunta a la estructura de remuneraci\u00f3n de las distribuidoras.<\/p>\n<p style=\"text-align: justify\">La mayor\u00eda de los pa\u00edses separa la remuneraci\u00f3n de las inversiones en infraestructura \u2014CAPEX\u2014 de los gastos de operaci\u00f3n \u2014OPEX\u2014. Seg\u00fan el estudio, esta separaci\u00f3n puede generar un sesgo que favorece la construcci\u00f3n de nuevos activos f\u00edsicos frente a alternativas como almacenamiento, gesti\u00f3n de la demanda, flexibilidad, automatizaci\u00f3n o software.<\/p>\n<p style=\"text-align: justify\">La propuesta es avanzar hacia esquemas que consideren conjuntamente los costos de inversi\u00f3n y operaci\u00f3n, conocidos como TOTEX, o que al menos permitan que las distintas soluciones compitan bajo reglas similares.<\/p>\n<p style=\"text-align: justify\">El cambio adquiere relevancia con la llegada de las redes inteligentes. Una distribuidora podr\u00eda, por ejemplo, resolver una congesti\u00f3n de la red mediante una nueva l\u00ednea, pero tambi\u00e9n mediante almacenamiento, gesti\u00f3n de demanda o mecanismos de flexibilidad. Para ADELAT, la regulaci\u00f3n deber\u00eda evaluar estas alternativas por el servicio que prestan y no \u00fanicamente por si constituyen un activo f\u00edsico tradicional.<\/p>\n","protected":false},"excerpt":{"rendered":"<p>Un informe de la Asociaci\u00f3n de Distribuidores de Electricidad de Am\u00e9rica Latina (ADELAT), publicado en julio advierte que las tarifas el\u00e9ctricas que se cobran en Latinoam\u00e9rica deben adaptarse a las nuevas redes que rigen en la actualidad. La expansi\u00f3n de la energ\u00eda solar, la electrificaci\u00f3n del transporte, el almacenamiento y la digitalizaci\u00f3n ponen en jaque [&hellip;]<\/p>\n","protected":false},"author":1,"featured_media":90371,"comment_status":"closed","ping_status":"open","sticky":false,"template":"","format":"standard","meta":{"footnotes":""},"categories":[39,44,48],"tags":[],"class_list":["post-90370","post","type-post","status-publish","format-standard","has-post-thumbnail","category-energia","category-portada-energia","category-portada-general-sitio"],"_links":{"self":[{"href":"https:\/\/jms.com.bo\/mediamonitor\/wp-json\/wp\/v2\/posts\/90370","targetHints":{"allow":["GET"]}}],"collection":[{"href":"https:\/\/jms.com.bo\/mediamonitor\/wp-json\/wp\/v2\/posts"}],"about":[{"href":"https:\/\/jms.com.bo\/mediamonitor\/wp-json\/wp\/v2\/types\/post"}],"author":[{"embeddable":true,"href":"https:\/\/jms.com.bo\/mediamonitor\/wp-json\/wp\/v2\/users\/1"}],"replies":[{"embeddable":true,"href":"https:\/\/jms.com.bo\/mediamonitor\/wp-json\/wp\/v2\/comments?post=90370"}],"version-history":[{"count":0,"href":"https:\/\/jms.com.bo\/mediamonitor\/wp-json\/wp\/v2\/posts\/90370\/revisions"}],"wp:featuredmedia":[{"embeddable":true,"href":"https:\/\/jms.com.bo\/mediamonitor\/wp-json\/wp\/v2\/media\/90371"}],"wp:attachment":[{"href":"https:\/\/jms.com.bo\/mediamonitor\/wp-json\/wp\/v2\/media?parent=90370"}],"wp:term":[{"taxonomy":"category","embeddable":true,"href":"https:\/\/jms.com.bo\/mediamonitor\/wp-json\/wp\/v2\/categories?post=90370"},{"taxonomy":"post_tag","embeddable":true,"href":"https:\/\/jms.com.bo\/mediamonitor\/wp-json\/wp\/v2\/tags?post=90370"}],"curies":[{"name":"wp","href":"https:\/\/api.w.org\/{rel}","templated":true}]}}