{"id":90380,"date":"2026-09-04T06:43:57","date_gmt":"2026-09-04T10:43:57","guid":{"rendered":"https:\/\/mediamonitorbo.com.bo\/?p=27631"},"modified":"2026-09-04T06:43:57","modified_gmt":"2026-09-04T10:43:57","slug":"presentan-proyecto-de-hospital-de-segundo-nivel-para-pailon","status":"publish","type":"post","link":"https:\/\/jms.com.bo\/mediamonitor\/2026\/09\/04\/presentan-proyecto-de-hospital-de-segundo-nivel-para-pailon\/","title":{"rendered":"Presentan proyecto de hospital de segundo nivel para Pail\u00f3n"},"content":{"rendered":"<p style=\"text-align: justify\">La Alcald\u00eda de Pail\u00f3n present\u00f3 el proyecto para la construcci\u00f3n del Hospital Municipal Portal Chiquitano. El alcalde Heinrrich Campos manifest\u00f3 que tambi\u00e9n respalda el Control Social y Administraci\u00f3n del Centro de Salud.<\/p>\n<p style=\"text-align: justify\">La autoridad record\u00f3 que el hospital de Virgen de F\u00e1tima, colapsa. En la actualidad existe un centro de salud. Y que ahora se construir\u00e1 un Hospital de segundo nivel con todas las condiciones.<\/p>\n<p style=\"text-align: justify\">La inversi\u00f3n ser\u00e1 de Bs 44.169.741 que beneficiar\u00e1 al municipio que posee alrededor 54.495 habitantes<\/p>\n<p style=\"text-align: justify\">El hospital contar\u00e1 con \u00e1rea de administraci\u00f3n, consulta externa, emergencia, apoyo al diagn\u00f3stico y tratamiento, maternidad, cirug\u00eda, central de esterilizaci\u00f3n, hospitalizaci\u00f3n, rehabilitaci\u00f3n, terapia intermedia. La obra tendr\u00e1 540 d\u00edas de construcci\u00f3n, seg\u00fan manifestaron los t\u00e9cnicos del municipios.<\/p>\n","protected":false},"excerpt":{"rendered":"<p>La Alcald\u00eda de Pail\u00f3n present\u00f3 el proyecto para la construcci\u00f3n del Hospital Municipal Portal Chiquitano. El alcalde Heinrrich Campos manifest\u00f3 que tambi\u00e9n respalda el Control Social y Administraci\u00f3n del Centro de Salud. La autoridad record\u00f3 que el hospital de Virgen de F\u00e1tima, colapsa. En la actualidad existe un centro de salud. Y que ahora se [&hellip;]<\/p>\n","protected":false},"author":1,"featured_media":90381,"comment_status":"closed","ping_status":"open","sticky":false,"template":"","format":"standard","meta":{"footnotes":""},"categories":[53],"tags":[],"class_list":["post-90380","post","type-post","status-publish","format-standard","has-post-thumbnail","category-salud"],"_links":{"self":[{"href":"https:\/\/jms.com.bo\/mediamonitor\/wp-json\/wp\/v2\/posts\/90380","targetHints":{"allow":["GET"]}}],"collection":[{"href":"https:\/\/jms.com.bo\/mediamonitor\/wp-json\/wp\/v2\/posts"}],"about":[{"href":"https:\/\/jms.com.bo\/mediamonitor\/wp-json\/wp\/v2\/types\/post"}],"author":[{"embeddable":true,"href":"https:\/\/jms.com.bo\/mediamonitor\/wp-json\/wp\/v2\/users\/1"}],"replies":[{"embeddable":true,"href":"https:\/\/jms.com.bo\/mediamonitor\/wp-json\/wp\/v2\/comments?post=90380"}],"version-history":[{"count":0,"href":"https:\/\/jms.com.bo\/mediamonitor\/wp-json\/wp\/v2\/posts\/90380\/revisions"}],"wp:featuredmedia":[{"embeddable":true,"href":"https:\/\/jms.com.bo\/mediamonitor\/wp-json\/wp\/v2\/media\/90381"}],"wp:attachment":[{"href":"https:\/\/jms.com.bo\/mediamonitor\/wp-json\/wp\/v2\/media?parent=90380"}],"wp:term":[{"taxonomy":"category","embeddable":true,"href":"https:\/\/jms.com.bo\/mediamonitor\/wp-json\/wp\/v2\/categories?post=90380"},{"taxonomy":"post_tag","embeddable":true,"href":"https:\/\/jms.com.bo\/mediamonitor\/wp-json\/wp\/v2\/tags?post=90380"}],"curies":[{"name":"wp","href":"https:\/\/api.w.org\/{rel}","templated":true}]}}