{"id":90386,"date":"2026-09-04T06:48:37","date_gmt":"2026-09-04T10:48:37","guid":{"rendered":"https:\/\/mediamonitorbo.com.bo\/?p=27640"},"modified":"2026-09-04T06:48:37","modified_gmt":"2026-09-04T10:48:37","slug":"inflacion-vuelve-a-subir-en-agosto-el-pollo-se-encarece-2516-y-empuja-el-ipc","status":"publish","type":"post","link":"https:\/\/jms.com.bo\/mediamonitor\/2026\/09\/04\/inflacion-vuelve-a-subir-en-agosto-el-pollo-se-encarece-2516-y-empuja-el-ipc\/","title":{"rendered":"Inflaci\u00f3n vuelve a subir en agosto: el pollo se encarece 25,16% y empuja el IPC"},"content":{"rendered":"<p style=\"text-align: justify\">La inflaci\u00f3n en Bolivia retom\u00f3 la senda ascendente en agosto, impulsada principalmente por el fuerte incremento del precio de la carne de pollo. El \u00cdndice de Precios al Consumidor (IPC) subi\u00f3 1,10% respecto a julio, inform\u00f3 el Instituto Nacional de Estad\u00edstica (INE).<\/p>\n<p style=\"text-align: justify\">El resultado marca un cambio frente a julio, cuando el indicador registr\u00f3 una variaci\u00f3n negativa de 2,79%. Con el dato de agosto, la inflaci\u00f3n acumulada durante los primeros ocho meses de 2026 alcanz\u00f3 el 3,01%, mientras que la variaci\u00f3n de los \u00faltimos 12 meses se situ\u00f3 en 5,02%.<\/p>\n<p style=\"text-align: justify\">Aunque el \u00edndice interanual contin\u00faa muy por debajo del 24,15% observado en agosto de 2025, el nuevo incremento mensual muestra que las presiones sobre el costo de vida no desaparecieron.<\/p>\n<p style=\"text-align: justify\">El pollo explica casi la mitad del incremento<br \/>\nLa carne de pollo aument\u00f3 25,16% en un solo mes y tuvo una incidencia de 0,53 puntos porcentuales sobre el IPC nacional. Esto significa que, por s\u00ed sola, explic\u00f3 casi la mitad de la inflaci\u00f3n registrada en agosto.<\/p>\n<p style=\"text-align: justify\">Tambi\u00e9n subieron los precios de los aparatos telef\u00f3nicos m\u00f3viles, en 9,01%; quesos, 3,95%; pollo al espiedo o a la brasa, 3,04%; platos extras o especiales, 1,68%; y almuerzos, 0,62%.<\/p>\n<p style=\"text-align: justify\">La divisi\u00f3n de alimentos y bebidas no alcoh\u00f3licas registr\u00f3 una variaci\u00f3n de 1,64% y aport\u00f3 0,50 puntos porcentuales al \u00edndice general. Los alimentos consumidos fuera del hogar aumentaron 1,04%.<\/p>\n<p style=\"text-align: justify\">Tambi\u00e9n encarecieron los muebles y servicios dom\u00e9sticos, en 1,67%; las comunicaciones, en 1,35%; recreaci\u00f3n y cultura, en 1,32%; prendas de vestir y calzados, en 1,16%; y educaci\u00f3n, en 1,01%.<\/p>\n<p style=\"text-align: justify\">Entre los productos cuyos precios disminuyeron estuvieron el transporte interdepartamental en flota, con una ca\u00edda de 13,43%; la arveja verde, 9,87%; el tomate, 7,08%; los huevos, 4,33%; y las carnes de res con y sin hueso.<\/p>\n<p style=\"text-align: justify\">Santa Cruz supera el promedio nacional<br \/>\nLa inflaci\u00f3n lleg\u00f3 a ocho de las nueve ciudades y \u00e1reas metropolitanas medidas por el INE. Oruro registr\u00f3 el mayor incremento, con 1,38%, seguido de Potos\u00ed, con 1,36%.<\/p>\n<p style=\"text-align: justify\">El \u00e1rea metropolitana de Santa Cruz \u2014integrada por Santa Cruz de la Sierra, La Guardia, Cotoca y Warnes\u2014 registr\u00f3 una variaci\u00f3n de 1,25%, por encima del promedio nacional.<\/p>\n<p style=\"text-align: justify\">Despu\u00e9s aparecen el \u00e1rea metropolitana de Cochabamba, con 1,19%; el \u00e1rea metropolitana de La Paz, con 1,12%; Sucre, con 0,37%; Trinidad, con 0,29%; y Tarija, con 0,10%.<\/p>\n<p style=\"text-align: justify\">Cobija fue la \u00fanica capital donde el IPC disminuy\u00f3, con una variaci\u00f3n negativa de 0,04%.<\/p>\n","protected":false},"excerpt":{"rendered":"<p>La inflaci\u00f3n en Bolivia retom\u00f3 la senda ascendente en agosto, impulsada principalmente por el fuerte incremento del precio de la carne de pollo. El \u00cdndice de Precios al Consumidor (IPC) subi\u00f3 1,10% respecto a julio, inform\u00f3 el Instituto Nacional de Estad\u00edstica (INE). El resultado marca un cambio frente a julio, cuando el indicador registr\u00f3 una [&hellip;]<\/p>\n","protected":false},"author":1,"featured_media":90387,"comment_status":"closed","ping_status":"open","sticky":false,"template":"","format":"standard","meta":{"footnotes":""},"categories":[57],"tags":[],"class_list":["post-90386","post","type-post","status-publish","format-standard","has-post-thumbnail","category-alimentos-y-agroindustria"],"_links":{"self":[{"href":"https:\/\/jms.com.bo\/mediamonitor\/wp-json\/wp\/v2\/posts\/90386","targetHints":{"allow":["GET"]}}],"collection":[{"href":"https:\/\/jms.com.bo\/mediamonitor\/wp-json\/wp\/v2\/posts"}],"about":[{"href":"https:\/\/jms.com.bo\/mediamonitor\/wp-json\/wp\/v2\/types\/post"}],"author":[{"embeddable":true,"href":"https:\/\/jms.com.bo\/mediamonitor\/wp-json\/wp\/v2\/users\/1"}],"replies":[{"embeddable":true,"href":"https:\/\/jms.com.bo\/mediamonitor\/wp-json\/wp\/v2\/comments?post=90386"}],"version-history":[{"count":0,"href":"https:\/\/jms.com.bo\/mediamonitor\/wp-json\/wp\/v2\/posts\/90386\/revisions"}],"wp:featuredmedia":[{"embeddable":true,"href":"https:\/\/jms.com.bo\/mediamonitor\/wp-json\/wp\/v2\/media\/90387"}],"wp:attachment":[{"href":"https:\/\/jms.com.bo\/mediamonitor\/wp-json\/wp\/v2\/media?parent=90386"}],"wp:term":[{"taxonomy":"category","embeddable":true,"href":"https:\/\/jms.com.bo\/mediamonitor\/wp-json\/wp\/v2\/categories?post=90386"},{"taxonomy":"post_tag","embeddable":true,"href":"https:\/\/jms.com.bo\/mediamonitor\/wp-json\/wp\/v2\/tags?post=90386"}],"curies":[{"name":"wp","href":"https:\/\/api.w.org\/{rel}","templated":true}]}}