{"id":90388,"date":"2026-09-04T06:49:47","date_gmt":"2026-09-04T10:49:47","guid":{"rendered":"https:\/\/mediamonitorbo.com.bo\/?p=27643"},"modified":"2026-09-04T06:49:47","modified_gmt":"2026-09-04T10:49:47","slug":"transporte-del-norte-integrado-amenaza-con-un-bloqueo-indefinido-desde-el-martes","status":"publish","type":"post","link":"https:\/\/jms.com.bo\/mediamonitor\/2026\/09\/04\/transporte-del-norte-integrado-amenaza-con-un-bloqueo-indefinido-desde-el-martes\/","title":{"rendered":"Transporte del Norte Integrado amenaza con un bloqueo indefinido desde el martes"},"content":{"rendered":"<p style=\"text-align: justify\">El sector transporte del Norte Integrado de Santa Cruz anunci\u00f3 que iniciar\u00e1 un bloqueo indefinido desde el martes 8 de septiembre, luego de que los ministros de Hidrocarburos Marcelo Blanco y de Obras P\u00fablicas Mauricio Zamora no asistieran a un ampliado convocado para abordar la crisis del abastecimiento de combustibles que afecta a la regi\u00f3n.<\/p>\n<p style=\"text-align: justify\">La determinaci\u00f3n fue asumida tras considerar insuficientes las explicaciones sobre la ausencia de las autoridades nacionales, cuya presencia era una de las principales exigencias del encuentro realizado este jueves. \u201cEstamos muy molestos con la autoridad nacional; no bajaron los dos ministros. Hasta el d\u00eda lunes se le ha dado un plazo (al gobierno). El d\u00eda martes el Norte Integrado va a amanecer bloqueado\u201d, afirm\u00f3 uno de los dirigentes.<\/p>\n<p style=\"text-align: justify\">Los transportistas se\u00f1alaron que la protesta no se limitar\u00e1 a Montero, sino que se extender\u00e1 a varios municipios. \u201cNo ser\u00e1 solo en Montero, van a amanecer bloqueados Mineros, Portachuelo, Saavedra, Warnes, Montero, todo el Norte Integrado\u201d, sostuvo otro representante del sector.<\/p>\n<p style=\"text-align: justify\">Adem\u00e1s de exigir una soluci\u00f3n definitiva a la escasez de di\u00e9sel, el pliego petitorio incluye la abrogaci\u00f3n del Decreto Supremo 5676, que fija un precio diferenciado del di\u00e9sel, la instalaci\u00f3n de una oficina para la dotaci\u00f3n de gas natural vehicular (GNV), la entrega de nuevos kits de conversi\u00f3n, el mejoramiento de las carreteras y atenci\u00f3n al abastecimiento de gasolina para los mototaxis.<\/p>\n<p style=\"text-align: justify\">\u201cNos hacen firmar acuerdos que no se cumplen, estamos cansados de eso. Lo que queremos es una soluci\u00f3n definitiva para que los sectores no se vean perjudicados. Esta lucha no solo es para los transportistas, sino para la poblaci\u00f3n en general\u201d, expres\u00f3 otro dirigente.<\/p>\n<p style=\"text-align: justify\">Durante el ampliado particip\u00f3 un representante de YPFB, quien inform\u00f3 que se otorg\u00f3 un cuarto intermedio mientras se realiza gestiones para concretar una reuni\u00f3n con los ministros. \u201cTodo el sector est\u00e1 pidiendo la presencia del ministro de Hidrocarburos y la presencia del ministro de Obras P\u00fablicas. Se ha conversado con ellos para poder gestionar esta presencia y seguramente en las pr\u00f3ximas horas les vamos a estar comunicando el horario y el d\u00eda de la reuni\u00f3n\u201d, indic\u00f3 a radio Fides.<\/p>\n<p style=\"text-align: justify\">El funcionario tambi\u00e9n asegur\u00f3 que la empresa estatal mantiene la disposici\u00f3n de atender los problemas de abastecimiento de combustibles en Montero. \u201cComo YPFB tenemos toda la predisposici\u00f3n para poder solucionar los problemas de combustibles que tienen aqu\u00ed en Montero, pero lo vamos a hacer de manera responsable. Entonces le pedimos un poco de paciencia a la poblaci\u00f3n\u201d, se\u00f1al\u00f3.<\/p>\n","protected":false},"excerpt":{"rendered":"<p>El sector transporte del Norte Integrado de Santa Cruz anunci\u00f3 que iniciar\u00e1 un bloqueo indefinido desde el martes 8 de septiembre, luego de que los ministros de Hidrocarburos Marcelo Blanco y de Obras P\u00fablicas Mauricio Zamora no asistieran a un ampliado convocado para abordar la crisis del abastecimiento de combustibles que afecta a la regi\u00f3n. [&hellip;]<\/p>\n","protected":false},"author":1,"featured_media":90389,"comment_status":"closed","ping_status":"open","sticky":false,"template":"","format":"standard","meta":{"footnotes":""},"categories":[49],"tags":[],"class_list":["post-90388","post","type-post","status-publish","format-standard","has-post-thumbnail","category-social"],"_links":{"self":[{"href":"https:\/\/jms.com.bo\/mediamonitor\/wp-json\/wp\/v2\/posts\/90388","targetHints":{"allow":["GET"]}}],"collection":[{"href":"https:\/\/jms.com.bo\/mediamonitor\/wp-json\/wp\/v2\/posts"}],"about":[{"href":"https:\/\/jms.com.bo\/mediamonitor\/wp-json\/wp\/v2\/types\/post"}],"author":[{"embeddable":true,"href":"https:\/\/jms.com.bo\/mediamonitor\/wp-json\/wp\/v2\/users\/1"}],"replies":[{"embeddable":true,"href":"https:\/\/jms.com.bo\/mediamonitor\/wp-json\/wp\/v2\/comments?post=90388"}],"version-history":[{"count":0,"href":"https:\/\/jms.com.bo\/mediamonitor\/wp-json\/wp\/v2\/posts\/90388\/revisions"}],"wp:featuredmedia":[{"embeddable":true,"href":"https:\/\/jms.com.bo\/mediamonitor\/wp-json\/wp\/v2\/media\/90389"}],"wp:attachment":[{"href":"https:\/\/jms.com.bo\/mediamonitor\/wp-json\/wp\/v2\/media?parent=90388"}],"wp:term":[{"taxonomy":"category","embeddable":true,"href":"https:\/\/jms.com.bo\/mediamonitor\/wp-json\/wp\/v2\/categories?post=90388"},{"taxonomy":"post_tag","embeddable":true,"href":"https:\/\/jms.com.bo\/mediamonitor\/wp-json\/wp\/v2\/tags?post=90388"}],"curies":[{"name":"wp","href":"https:\/\/api.w.org\/{rel}","templated":true}]}}