{"id":90390,"date":"2026-09-04T06:50:57","date_gmt":"2026-09-04T10:50:57","guid":{"rendered":"https:\/\/mediamonitorbo.com.bo\/?p=27646"},"modified":"2026-09-04T06:50:57","modified_gmt":"2026-09-04T10:50:57","slug":"sin-medicamentos-ni-albergues-pacientes-con-cancer-denuncian-abandono-en-tarija","status":"publish","type":"post","link":"https:\/\/jms.com.bo\/mediamonitor\/2026\/09\/04\/sin-medicamentos-ni-albergues-pacientes-con-cancer-denuncian-abandono-en-tarija\/","title":{"rendered":"Sin medicamentos ni albergues: pacientes con c\u00e1ncer denuncian abandono en Tarija"},"content":{"rendered":"<p style=\"text-align: justify\">Los pacientes con c\u00e1ncer de Tarija volvieron a reclamar atenci\u00f3n urgente por las deficiencias que, seg\u00fan denuncian, persisten en el sistema de salud y que afectan especialmente a quienes deben trasladarse fuera del departamento para acceder a tratamientos especializados.<\/p>\n<p style=\"text-align: justify\">De acuerdo con informaci\u00f3n difundida por Plus TLT, Blanca Esquites, presidenta de la Asociaci\u00f3n de Pacientes con C\u00e1ncer \u201cLazos Solidarios\u201d, denunci\u00f3 problemas relacionados con la burocracia, el desabastecimiento de medicamentos y la falta de infraestructura oncol\u00f3gica adecuada en Tarija.<\/p>\n<p style=\"text-align: justify\">Esquites se\u00f1al\u00f3 que la postergada Ley 526, junto con la falta de un centro oncol\u00f3gico y de un servicio de radioterapia en el departamento, obliga a decenas de pacientes a trasladarse a ciudades como La Paz o Santa Cruz para continuar con sus tratamientos.<\/p>\n<p style=\"text-align: justify\">Esta situaci\u00f3n representa gastos adicionales para las familias, principalmente por transporte, alimentaci\u00f3n y hospedaje. Seg\u00fan la dirigente, muchos pacientes no cuentan con los recursos suficientes para cubrir estos costos y terminan pernoctando en condiciones precarias, incluso en carpas.<\/p>\n<p style=\"text-align: justify\">Reclamos al Ministerio de Salud<\/p>\n<p style=\"text-align: justify\">Las representantes de la asociaci\u00f3n sostuvieron recientemente una reuni\u00f3n con autoridades del Ministerio de Salud, encuentro en el que plantearon sus principales demandas.<\/p>\n<p style=\"text-align: justify\">Sin embargo, las dirigentas expresaron su frustraci\u00f3n por la falta de respuestas concretas a sus pedidos.<\/p>\n<p style=\"text-align: justify\">Entre los reclamos se encuentra el desabastecimiento de medicamentos esenciales y la necesidad de contar con un tom\u00f3grafo para mejorar la atenci\u00f3n de los pacientes.<\/p>\n<p style=\"text-align: justify\">Las representantes tambi\u00e9n cuestionaron las demoras administrativas. De acuerdo con sus declaraciones, ante algunos de los pedidos planteados las autoridades derivaron responsabilidades a la Gobernaci\u00f3n o argumentaron que existen tr\u00e1mites pendientes relacionados con la actualizaci\u00f3n de costos.<\/p>\n<p style=\"text-align: justify\">Piden albergues para pacientes<\/p>\n<p style=\"text-align: justify\">Ante las dificultades que enfrentan las personas que deben viajar a otras ciudades para recibir tratamiento, la asociaci\u00f3n tambi\u00e9n demanda la habilitaci\u00f3n de albergues en las sedes donde los pacientes son atendidos.<\/p>\n<p style=\"text-align: justify\">El objetivo es evitar que las familias tengan que asumir gastos que muchas veces est\u00e1n fuera de sus posibilidades econ\u00f3micas o que los pacientes deban permanecer en condiciones precarias mientras esperan sus tratamientos.<\/p>\n<p style=\"text-align: justify\">Asimismo, solicitan que la entrega de pasajes a\u00e9reos y terrestres sea agilizada y que se reduzcan los tr\u00e1mites que, seg\u00fan denuncian, retrasan los traslados de personas que necesitan atenci\u00f3n m\u00e9dica especializada.<\/p>\n<p style=\"text-align: justify\">\u201cNo podemos seguir esperando mientras la vida de nuestras familias se consume en la burocracia\u201d, manifest\u00f3 Esquites.<\/p>\n<p style=\"text-align: justify\">Las familias de pacientes con c\u00e1ncer insisten en que las autoridades nacionales y departamentales deben asumir medidas concretas para mejorar el acceso a tratamientos, medicamentos e infraestructura especializada en Tarija.<\/p>\n","protected":false},"excerpt":{"rendered":"<p>Los pacientes con c\u00e1ncer de Tarija volvieron a reclamar atenci\u00f3n urgente por las deficiencias que, seg\u00fan denuncian, persisten en el sistema de salud y que afectan especialmente a quienes deben trasladarse fuera del departamento para acceder a tratamientos especializados. De acuerdo con informaci\u00f3n difundida por Plus TLT, Blanca Esquites, presidenta de la Asociaci\u00f3n de Pacientes [&hellip;]<\/p>\n","protected":false},"author":1,"featured_media":90391,"comment_status":"closed","ping_status":"open","sticky":false,"template":"","format":"standard","meta":{"footnotes":""},"categories":[49],"tags":[],"class_list":["post-90390","post","type-post","status-publish","format-standard","has-post-thumbnail","category-social"],"_links":{"self":[{"href":"https:\/\/jms.com.bo\/mediamonitor\/wp-json\/wp\/v2\/posts\/90390","targetHints":{"allow":["GET"]}}],"collection":[{"href":"https:\/\/jms.com.bo\/mediamonitor\/wp-json\/wp\/v2\/posts"}],"about":[{"href":"https:\/\/jms.com.bo\/mediamonitor\/wp-json\/wp\/v2\/types\/post"}],"author":[{"embeddable":true,"href":"https:\/\/jms.com.bo\/mediamonitor\/wp-json\/wp\/v2\/users\/1"}],"replies":[{"embeddable":true,"href":"https:\/\/jms.com.bo\/mediamonitor\/wp-json\/wp\/v2\/comments?post=90390"}],"version-history":[{"count":0,"href":"https:\/\/jms.com.bo\/mediamonitor\/wp-json\/wp\/v2\/posts\/90390\/revisions"}],"wp:featuredmedia":[{"embeddable":true,"href":"https:\/\/jms.com.bo\/mediamonitor\/wp-json\/wp\/v2\/media\/90391"}],"wp:attachment":[{"href":"https:\/\/jms.com.bo\/mediamonitor\/wp-json\/wp\/v2\/media?parent=90390"}],"wp:term":[{"taxonomy":"category","embeddable":true,"href":"https:\/\/jms.com.bo\/mediamonitor\/wp-json\/wp\/v2\/categories?post=90390"},{"taxonomy":"post_tag","embeddable":true,"href":"https:\/\/jms.com.bo\/mediamonitor\/wp-json\/wp\/v2\/tags?post=90390"}],"curies":[{"name":"wp","href":"https:\/\/api.w.org\/{rel}","templated":true}]}}