{"id":90394,"date":"2026-09-04T06:53:16","date_gmt":"2026-09-04T10:53:16","guid":{"rendered":"https:\/\/mediamonitorbo.com.bo\/?p=27652"},"modified":"2026-09-04T06:53:16","modified_gmt":"2026-09-04T10:53:16","slug":"sequia-tarija-prepara-un-plan-de-contingencia-y-ya-abastece-de-agua-a-12-barrios","status":"publish","type":"post","link":"https:\/\/jms.com.bo\/mediamonitor\/2026\/09\/04\/sequia-tarija-prepara-un-plan-de-contingencia-y-ya-abastece-de-agua-a-12-barrios\/","title":{"rendered":"Sequ\u00eda: Tarija prepara un plan de contingencia y ya abastece de agua a 12 barrios"},"content":{"rendered":"<p style=\"text-align: justify\">La falta de agua ya genera requerimientos en distintos barrios y comunidades de Tarija. Ante este escenario y la previsi\u00f3n de que el fen\u00f3meno de El Ni\u00f1o pueda afectar al municipio, la Alcald\u00eda activar\u00e1 desde el lunes un plan de contingencia para enfrentar la sequ\u00eda y reforzar el abastecimiento del l\u00edquido elemento.<\/p>\n<p style=\"text-align: justify\">\u00c1lvaro Baldivieso, de la Unidad de Gesti\u00f3n de Riesgos, inform\u00f3 que el plan fue presentado ante 22 de las 24 instituciones convocadas, con el objetivo de coordinar acciones y recursos frente al periodo de estiaje.<\/p>\n<p style=\"text-align: justify\">El plan contempla tres l\u00edneas principales de atenci\u00f3n: el abastecimiento de agua potable para familias y barrios que lo requieran, la provisi\u00f3n de agua para el consumo de animales y la dotaci\u00f3n del recurso a comunidades que necesiten agua para riego.<\/p>\n<p style=\"text-align: justify\">\u201cYa estamos sintiendo los requerimientos, cada vez son m\u00e1s de distintos barrios y del sector del campo\u201d, se\u00f1al\u00f3 Valdivieso, al explicar que el municipio actualmente realiza la distribuci\u00f3n de agua mediante carros cisterna.<\/p>\n<p style=\"text-align: justify\">De acuerdo con la autoridad, son 12 barrios los que actualmente reciben este tipo de apoyo. Entre ellos se encuentra el barrio 8 de Marzo, donde la distribuci\u00f3n se realiza casa por casa.<\/p>\n<p style=\"text-align: justify\">La atenci\u00f3n tambi\u00e9n alcanza al \u00e1rea rural. Valdivieso mencion\u00f3 a las comunidades de Montecercado y Turumayo, entre otras zonas que atraviesan dificultades por la falta del l\u00edquido elemento.<\/p>\n<p style=\"text-align: justify\">Bs 475.500 para cuatro meses<\/p>\n<p style=\"text-align: justify\">Para la ejecuci\u00f3n del plan entre septiembre y diciembre, el municipio cuenta con Bs 475.500, destinados a programas y proyectos de prevenci\u00f3n y atenci\u00f3n de los efectos del estiaje y la sequ\u00eda.<\/p>\n<p style=\"text-align: justify\">Adem\u00e1s, se contempla un presupuesto de Bs 2.100.162 dentro del Programa Operativo Anual (POA) para la atenci\u00f3n de fen\u00f3menos adversos.<\/p>\n<p style=\"text-align: justify\">Baldivieso explic\u00f3 que la estrategia municipal ser\u00e1 complementada con las acciones de otras instituciones que participaron en la presentaci\u00f3n del plan.<\/p>\n<p style=\"text-align: justify\">Entre las entidades convocadas se encuentra COSAALT, adem\u00e1s de instituciones del nivel nacional, departamental y municipal y representantes del sector campesino.<\/p>\n<p style=\"text-align: justify\">La Federaci\u00f3n de Campesinos de Tarija, por su parte, trabaja en un plan alimentario, mientras que COSAALT prepara un plan de abastecimiento de agua. La intenci\u00f3n es articular estas iniciativas dentro de una estrategia general para enfrentar los efectos de la sequ\u00eda.<\/p>\n<p style=\"text-align: justify\">Prevenci\u00f3n ante El Ni\u00f1o<\/p>\n<p style=\"text-align: justify\">La activaci\u00f3n del plan responde tambi\u00e9n a la necesidad de anticiparse a los posibles efectos del fen\u00f3meno de El Ni\u00f1o. El municipio busca fortalecer la capacidad de respuesta antes de que la situaci\u00f3n de abastecimiento se agrave.<\/p>\n<p style=\"text-align: justify\">\u201cDe manera preventiva estamos activando y estamos trabajando ya\u201d, se\u00f1al\u00f3 Valdivieso, quien remarc\u00f3 que la coordinaci\u00f3n entre las instituciones ser\u00e1 fundamental para atender las necesidades de las familias, del sector productivo y de las comunidades.<\/p>\n<p style=\"text-align: justify\">Con el plan, la Alcald\u00eda prev\u00e9 mantener el abastecimiento mediante cisternas y coordinar nuevas acciones de acuerdo con los requerimientos que se presenten durante los pr\u00f3ximos meses.<\/p>\n","protected":false},"excerpt":{"rendered":"<p>La falta de agua ya genera requerimientos en distintos barrios y comunidades de Tarija. Ante este escenario y la previsi\u00f3n de que el fen\u00f3meno de El Ni\u00f1o pueda afectar al municipio, la Alcald\u00eda activar\u00e1 desde el lunes un plan de contingencia para enfrentar la sequ\u00eda y reforzar el abastecimiento del l\u00edquido elemento. \u00c1lvaro Baldivieso, de [&hellip;]<\/p>\n","protected":false},"author":1,"featured_media":90395,"comment_status":"closed","ping_status":"open","sticky":false,"template":"","format":"standard","meta":{"footnotes":""},"categories":[20],"tags":[],"class_list":["post-90394","post","type-post","status-publish","format-standard","has-post-thumbnail","category-actualidad"],"_links":{"self":[{"href":"https:\/\/jms.com.bo\/mediamonitor\/wp-json\/wp\/v2\/posts\/90394","targetHints":{"allow":["GET"]}}],"collection":[{"href":"https:\/\/jms.com.bo\/mediamonitor\/wp-json\/wp\/v2\/posts"}],"about":[{"href":"https:\/\/jms.com.bo\/mediamonitor\/wp-json\/wp\/v2\/types\/post"}],"author":[{"embeddable":true,"href":"https:\/\/jms.com.bo\/mediamonitor\/wp-json\/wp\/v2\/users\/1"}],"replies":[{"embeddable":true,"href":"https:\/\/jms.com.bo\/mediamonitor\/wp-json\/wp\/v2\/comments?post=90394"}],"version-history":[{"count":0,"href":"https:\/\/jms.com.bo\/mediamonitor\/wp-json\/wp\/v2\/posts\/90394\/revisions"}],"wp:featuredmedia":[{"embeddable":true,"href":"https:\/\/jms.com.bo\/mediamonitor\/wp-json\/wp\/v2\/media\/90395"}],"wp:attachment":[{"href":"https:\/\/jms.com.bo\/mediamonitor\/wp-json\/wp\/v2\/media?parent=90394"}],"wp:term":[{"taxonomy":"category","embeddable":true,"href":"https:\/\/jms.com.bo\/mediamonitor\/wp-json\/wp\/v2\/categories?post=90394"},{"taxonomy":"post_tag","embeddable":true,"href":"https:\/\/jms.com.bo\/mediamonitor\/wp-json\/wp\/v2\/tags?post=90394"}],"curies":[{"name":"wp","href":"https:\/\/api.w.org\/{rel}","templated":true}]}}