{"id":90396,"date":"2026-09-04T06:55:05","date_gmt":"2026-09-04T10:55:05","guid":{"rendered":"https:\/\/mediamonitorbo.com.bo\/?p=27655"},"modified":"2026-09-04T06:55:05","modified_gmt":"2026-09-04T10:55:05","slug":"aguirre-hay-varios-inversores-interesados-en-el-proyecto-del-tren-metropolitano","status":"publish","type":"post","link":"https:\/\/jms.com.bo\/mediamonitor\/2026\/09\/04\/aguirre-hay-varios-inversores-interesados-en-el-proyecto-del-tren-metropolitano\/","title":{"rendered":"Aguirre: \u201cHay varios inversores interesados en el proyecto del tren metropolitano\u201d"},"content":{"rendered":"<p style=\"text-align: justify\">La vicegobernadora de Santa Cruz, Paola Aguirre, manifest\u00f3 este jueves que despu\u00e9s de darse a conocer el proyecto del tren metropolitano, varios inversores expresaron su inter\u00e9s de ser parte de esta mega construcci\u00f3n y del Hub de Viru Viru.<\/p>\n<p style=\"text-align: justify\">\u201cHay muchos inversores que se sienten atra\u00eddos por este proyecto. El hecho de que la Gobernaci\u00f3n haya consolidado la servidumbre de paso y el derecho de v\u00edas es el arranque lo que ser\u00e1 este proceso de licitaci\u00f3n\u201d, afirm\u00f3 Aguirre ante los medios de comunicaci\u00f3n<\/p>\n<p style=\"text-align: justify\">Ayer, en un acto que se desarroll\u00f3 en la Estaci\u00f3n Ferroviaria de Montero en la que particip\u00f3 la Gobernaci\u00f3n cruce\u00f1a, el ministro de Obras P\u00fablicas, Mauricio Zamora y el alcalde Warnes, Mario Cronenbold, se dio inicio (en una primera etapa) a la cesi\u00f3n de la servidumbre de paso sobre el derecho de v\u00eda para el Tren Metropolitano que buscar\u00e1 fortalecer la regi\u00f3n metropolitana de Santa Cruz,<\/p>\n<p style=\"text-align: justify\">De acuerdo al reporte oficial, se trata de un proyecto que contempla la interconexi\u00f3n de las provincias Obispo Santistevan, Warnes y Andr\u00e9s Ib\u00e1\u00f1ez, como parte de una visi\u00f3n metropolitana que busca ampliar progresivamente la conectividad ferroviaria.<\/p>\n<p style=\"text-align: justify\">La vicegobernadora inform\u00f3 que el proceso de licitaci\u00f3n, mediante modelo concesionario, ser\u00e1 lanzado en los pr\u00f3ximos tres meses para que los inversores nacionales o extranjeros puedan invertir en primera instancia a los 620 millones de d\u00f3lares, con las condiciones de seguridad jur\u00eddica.<\/p>\n<p style=\"text-align: justify\">\u201cSe han sumado otras empresas. Se debe tomar en cuenta que son 62 kil\u00f3metros con 15 paradas, y un plazo de ejecuci\u00f3n aproximado de tres kil\u00f3metros por mes, estamos hablando de unos 24 meses\u201d, agreg\u00f3 la autoridad departamental.<\/p>\n<p style=\"text-align: justify\">En el acto en el Norte Integrado, el gobernador de Santa Cruz, Juan Pablo Velasco, se\u00f1al\u00f3 que el proyecto contempla como eje inicial la conexi\u00f3n entre Montero, Warnes y Santa Cruz de la Sierra, aunque la Gobernaci\u00f3n plantea que el sistema pueda extenderse posteriormente hacia otros municipios de la regi\u00f3n metropolitana, entre ellos Portachuelo, Minero, Cotoca, La Guardia, El Torno y Porongo.<\/p>\n","protected":false},"excerpt":{"rendered":"<p>La vicegobernadora de Santa Cruz, Paola Aguirre, manifest\u00f3 este jueves que despu\u00e9s de darse a conocer el proyecto del tren metropolitano, varios inversores expresaron su inter\u00e9s de ser parte de esta mega construcci\u00f3n y del Hub de Viru Viru. \u201cHay muchos inversores que se sienten atra\u00eddos por este proyecto. El hecho de que la Gobernaci\u00f3n [&hellip;]<\/p>\n","protected":false},"author":1,"featured_media":90397,"comment_status":"closed","ping_status":"open","sticky":false,"template":"","format":"standard","meta":{"footnotes":""},"categories":[20],"tags":[],"class_list":["post-90396","post","type-post","status-publish","format-standard","has-post-thumbnail","category-actualidad"],"_links":{"self":[{"href":"https:\/\/jms.com.bo\/mediamonitor\/wp-json\/wp\/v2\/posts\/90396","targetHints":{"allow":["GET"]}}],"collection":[{"href":"https:\/\/jms.com.bo\/mediamonitor\/wp-json\/wp\/v2\/posts"}],"about":[{"href":"https:\/\/jms.com.bo\/mediamonitor\/wp-json\/wp\/v2\/types\/post"}],"author":[{"embeddable":true,"href":"https:\/\/jms.com.bo\/mediamonitor\/wp-json\/wp\/v2\/users\/1"}],"replies":[{"embeddable":true,"href":"https:\/\/jms.com.bo\/mediamonitor\/wp-json\/wp\/v2\/comments?post=90396"}],"version-history":[{"count":0,"href":"https:\/\/jms.com.bo\/mediamonitor\/wp-json\/wp\/v2\/posts\/90396\/revisions"}],"wp:featuredmedia":[{"embeddable":true,"href":"https:\/\/jms.com.bo\/mediamonitor\/wp-json\/wp\/v2\/media\/90397"}],"wp:attachment":[{"href":"https:\/\/jms.com.bo\/mediamonitor\/wp-json\/wp\/v2\/media?parent=90396"}],"wp:term":[{"taxonomy":"category","embeddable":true,"href":"https:\/\/jms.com.bo\/mediamonitor\/wp-json\/wp\/v2\/categories?post=90396"},{"taxonomy":"post_tag","embeddable":true,"href":"https:\/\/jms.com.bo\/mediamonitor\/wp-json\/wp\/v2\/tags?post=90396"}],"curies":[{"name":"wp","href":"https:\/\/api.w.org\/{rel}","templated":true}]}}