{"id":90398,"date":"2026-09-04T06:56:56","date_gmt":"2026-09-04T10:56:56","guid":{"rendered":"https:\/\/mediamonitorbo.com.bo\/?p=27658"},"modified":"2026-09-04T06:56:56","modified_gmt":"2026-09-04T10:56:56","slug":"la-paz-expone-2026-reune-a-mas-de-600-empresas-y-proyecta-us-50-millones-en-intenciones-de-negocios","status":"publish","type":"post","link":"https:\/\/jms.com.bo\/mediamonitor\/2026\/09\/04\/la-paz-expone-2026-reune-a-mas-de-600-empresas-y-proyecta-us-50-millones-en-intenciones-de-negocios\/","title":{"rendered":"La Paz Expone 2026 re\u00fane a m\u00e1s de 600 empresas y proyecta $us 50 millones en intenciones de negocios"},"content":{"rendered":"<p style=\"text-align: justify\">La novena versi\u00f3n de La Paz Expone abri\u00f3 sus puertas este jueves en el Campo Ferial Chuquiago Marka, con la participaci\u00f3n de m\u00e1s de 600 empresas e instituciones y una proyecci\u00f3n de 100.000 visitantes durante los 11 d\u00edas de actividad, inform\u00f3 el sector empresarial durante el acto inaugural.<\/p>\n<p style=\"text-align: justify\">La feria, que se desarrollar\u00e1 hasta el 13 de septiembre, busca generar negocios, atraer inversiones, promover la producci\u00f3n boliviana, incentivar las exportaciones, apoyar a los emprendedores, generar empleo y dinamizar la actividad econ\u00f3mica de La Paz. La organizaci\u00f3n prev\u00e9 un movimiento econ\u00f3mico de aproximadamente $us 50 millones en intenciones de negocios.<\/p>\n<p style=\"text-align: justify\">El presidente de la Federaci\u00f3n de Empresarios Privados de La Paz, Rolando Kempff Bacigalupo, afirm\u00f3 que La Paz Expone naci\u00f3 del esfuerzo del sector empresarial pace\u00f1o y se consolid\u00f3 como uno de los principales espacios de promoci\u00f3n empresarial, comercial, productiva y de integraci\u00f3n del departamento.<\/p>\n<p style=\"text-align: justify\">\u201cHoy esta feria tiene un prop\u00f3sito que va m\u00e1s all\u00e1 de la exposici\u00f3n comercial\u201d, afirm\u00f3 Kempf, quien se\u00f1al\u00f3 que Bolivia atraviesa uno de los momentos econ\u00f3micos m\u00e1s complejos de las \u00faltimas d\u00e9cadas y que, despu\u00e9s de m\u00e1s de 50 d\u00edas de bloqueo en el departamento de La Paz, con p\u00e9rdidas superiores a $us 500 millones, es necesario generar espacios de encuentro y reactivaci\u00f3n econ\u00f3mica.<\/p>\n<p style=\"text-align: justify\">El representante empresarial expres\u00f3 la voluntad del sector privado de trabajar con el Gobierno para recuperar la econom\u00eda nacional, generar empleo y crear condiciones para el crecimiento. Tambi\u00e9n pidi\u00f3 agilizar la aprobaci\u00f3n de leyes sobre inversiones, miner\u00eda, hidrocarburos y libre tr\u00e1nsito, adem\u00e1s de modificaciones a la Constituci\u00f3n Pol\u00edtica del Estado.<\/p>\n<p style=\"text-align: justify\">Kempf sostuvo que La Paz tiene grandes oportunidades en miner\u00eda, agroindustria, energ\u00eda, hidrocarburos, turismo y servicios, por lo que plante\u00f3 fortalecer la integraci\u00f3n con el norte pace\u00f1o y mejorar las carreteras, infraestructura, energ\u00eda, conectividad y seguridad para atraer inversiones. \u201cBolivia necesita exportar m\u00e1s, diversificar sus mercados y generar d\u00f3lares que requiere nuestra econom\u00eda\u201d, afirm\u00f3.<\/p>\n<p style=\"text-align: justify\">Por su parte, el ministro de Econom\u00eda y Finanzas P\u00fablicas, Cristian Andr\u00e9s Morales Burgos, afirm\u00f3 que La Paz Expone representa un espacio concreto para la reactivaci\u00f3n econ\u00f3mica, a trav\u00e9s del encuentro entre empresas, productores, emprendedores y consumidores.<\/p>\n<p style=\"text-align: justify\">\u201cAqu\u00ed la reactivaci\u00f3n econ\u00f3mica deja de ser un concepto y se convierte en una actividad real\u201d, afirm\u00f3 Morales, quien se\u00f1al\u00f3 que la novena versi\u00f3n re\u00fane a m\u00e1s de 600 empresas, prev\u00e9 cerca de 100.000 visitantes y proyecta m\u00e1s de $us 50 millones en intenciones de negocios.<\/p>\n<p style=\"text-align: justify\">El ministro Morales sostuvo que el desaf\u00edo es que el movimiento econ\u00f3mico generado durante los 11 d\u00edas se traduzca en m\u00e1s inversi\u00f3n, producci\u00f3n, oportunidades y empleo. Adem\u00e1s, inform\u00f3 sobre el proyecto del Centro Internacional de Cultura, Exposiciones y Convenciones en El Alto, con una inversi\u00f3n superior a Bs 480 millones, con el objetivo de articular los espacios feriales de La Paz y El Alto.<\/p>\n<p style=\"text-align: justify\">Durante el acto inaugural, el presidente Rodrigo Paz afirm\u00f3 que La Paz atraviesa una etapa de transformaci\u00f3n y plante\u00f3 una agenda de desarrollo basada en nuevas inversiones, infraestructura, producci\u00f3n y una mayor integraci\u00f3n entre departamentos.<\/p>\n<p style=\"text-align: justify\">\u201cLa Paz tiene que apoyar la futura ley de hidrocarburos, porque tiene derecho a ganar su 11 por ciento de regal\u00eda\u201d, afirm\u00f3 el mandatario, al referirse al potencial hidrocarbur\u00edfero del norte pace\u00f1o y a la necesidad de generar condiciones de seguridad jur\u00eddica para atraer inversiones.<\/p>\n<p style=\"text-align: justify\">Paz tambi\u00e9n se refiri\u00f3 al acuerdo con el Fondo Monetario Internacional (FMI) y afirm\u00f3 que los $us 1.900 millones previstos permitir\u00e1n apoyar la estabilidad econ\u00f3mica, adem\u00e1s de abrir la posibilidad de acceder a m\u00e1s de $us 7.000 millones de organismos como la CAF, el BID y el Banco Mundial para obras y proyectos de inversi\u00f3n.<\/p>\n<p style=\"text-align: justify\">En materia de infraestructura, inform\u00f3 que la carretera Santa B\u00e1rbara-Caranavi contar\u00e1 con $us 92,5 millones y anunci\u00f3 una inversi\u00f3n superior a Bs 17.000 millones en el departamento de La Paz durante los pr\u00f3ximos cinco a\u00f1os, destinada a carreteras, puentes y otras obras de conexi\u00f3n.<\/p>\n<p style=\"text-align: justify\">Tambi\u00e9n anunci\u00f3 cerca de $us 23 millones para la inversi\u00f3n en 132 centros de salud y recursos para infraestructura educativa y conectividad. En este \u00faltimo \u00e1mbito, se\u00f1al\u00f3 que se prev\u00e9 dotar de Starlink a unidades educativas para ampliar el acceso de los estudiantes a contenidos y conocimientos del mundo.<\/p>\n<p style=\"text-align: justify\">El mandatario plante\u00f3 adem\u00e1s la aprobaci\u00f3n de las leyes de hidrocarburos, miner\u00eda e inversiones, junto con reformas constitucionales y una mayor profundizaci\u00f3n de las autonom\u00edas. \u201c<\/p>\n<p style=\"text-align: justify\">Imag\u00ednense La Paz si fuera federal con todas las capacidades que tiene para poder desarrollarse. Ser\u00eda un departamento imparable y no depender\u00eda del Gobierno central\u201d, afirm\u00f3.<\/p>\n<p style=\"text-align: justify\">Paz llam\u00f3 a fortalecer las alianzas entre La Paz, Oruro, Beni y Pando para aprovechar los futuros corredores comerciales con Brasil y Per\u00fa, y sostuvo que el departamento tiene la posibilidad de consolidarse como un eje estrat\u00e9gico de distribuci\u00f3n y comercio del occidente boliviano.<\/p>\n<p style=\"text-align: justify\">La Paz Expone 2026 re\u00fane a empresas de los sectores de industria, comercio, construcci\u00f3n, servicios, turismo, gastronom\u00eda, tecnolog\u00eda, agroindustria y manufactura. La agenda contempla dos jornadas de rueda de negocios, adem\u00e1s de actividades culturales, m\u00fasica, desfiles y otros espacios destinados a promover la producci\u00f3n y el intercambio comercial.<\/p>\n","protected":false},"excerpt":{"rendered":"<p>La novena versi\u00f3n de La Paz Expone abri\u00f3 sus puertas este jueves en el Campo Ferial Chuquiago Marka, con la participaci\u00f3n de m\u00e1s de 600 empresas e instituciones y una proyecci\u00f3n de 100.000 visitantes durante los 11 d\u00edas de actividad, inform\u00f3 el sector empresarial durante el acto inaugural. La feria, que se desarrollar\u00e1 hasta el [&hellip;]<\/p>\n","protected":false},"author":1,"featured_media":90399,"comment_status":"closed","ping_status":"open","sticky":false,"template":"","format":"standard","meta":{"footnotes":""},"categories":[20,47,48],"tags":[],"class_list":["post-90398","post","type-post","status-publish","format-standard","has-post-thumbnail","category-actualidad","category-portada-actualidad","category-portada-general-sitio"],"_links":{"self":[{"href":"https:\/\/jms.com.bo\/mediamonitor\/wp-json\/wp\/v2\/posts\/90398","targetHints":{"allow":["GET"]}}],"collection":[{"href":"https:\/\/jms.com.bo\/mediamonitor\/wp-json\/wp\/v2\/posts"}],"about":[{"href":"https:\/\/jms.com.bo\/mediamonitor\/wp-json\/wp\/v2\/types\/post"}],"author":[{"embeddable":true,"href":"https:\/\/jms.com.bo\/mediamonitor\/wp-json\/wp\/v2\/users\/1"}],"replies":[{"embeddable":true,"href":"https:\/\/jms.com.bo\/mediamonitor\/wp-json\/wp\/v2\/comments?post=90398"}],"version-history":[{"count":0,"href":"https:\/\/jms.com.bo\/mediamonitor\/wp-json\/wp\/v2\/posts\/90398\/revisions"}],"wp:featuredmedia":[{"embeddable":true,"href":"https:\/\/jms.com.bo\/mediamonitor\/wp-json\/wp\/v2\/media\/90399"}],"wp:attachment":[{"href":"https:\/\/jms.com.bo\/mediamonitor\/wp-json\/wp\/v2\/media?parent=90398"}],"wp:term":[{"taxonomy":"category","embeddable":true,"href":"https:\/\/jms.com.bo\/mediamonitor\/wp-json\/wp\/v2\/categories?post=90398"},{"taxonomy":"post_tag","embeddable":true,"href":"https:\/\/jms.com.bo\/mediamonitor\/wp-json\/wp\/v2\/tags?post=90398"}],"curies":[{"name":"wp","href":"https:\/\/api.w.org\/{rel}","templated":true}]}}