{"id":90400,"date":"2026-09-04T06:58:08","date_gmt":"2026-09-04T10:58:08","guid":{"rendered":"https:\/\/mediamonitorbo.com.bo\/?p=27661"},"modified":"2026-09-04T06:58:08","modified_gmt":"2026-09-04T10:58:08","slug":"alertan-que-reformas-constitucionales-no-pueden-tratarse-en-estado-de-excepcion","status":"publish","type":"post","link":"https:\/\/jms.com.bo\/mediamonitor\/2026\/09\/04\/alertan-que-reformas-constitucionales-no-pueden-tratarse-en-estado-de-excepcion\/","title":{"rendered":"Alertan que reformas constitucionales no pueden tratarse en estado de excepci\u00f3n"},"content":{"rendered":"<p style=\"text-align: justify\">Las reformas a la Constituci\u00f3n Pol\u00edtica del Estado (CPE) no pueden iniciarse si el pa\u00eds est\u00e1 en estado de excepci\u00f3n, as\u00ed dicta la propia Carta Magna, alert\u00f3 el veterano abogado y legislador, Juan del Granado (Unidad), quien adem\u00e1s preside la comisi\u00f3n de Constituci\u00f3n de la C\u00e1mara de Diputados.<\/p>\n<p style=\"text-align: justify\">\u201cMientras el estado de excepci\u00f3n se mantenga no pueden iniciarse las reformas a la Constituci\u00f3n. Esperemos que no se prolongue este estado de excepci\u00f3n para iniciar la consideraci\u00f3n de los proyectos que ya llegaron a la C\u00e1mara de Diputados\u201d, dijo el exalcalde La Paz y ahora diputado por Unidad.<\/p>\n<p style=\"text-align: justify\">Del Granado hizo referencia al art\u00edculo 140 de la propia CPE que proh\u00edbe que se inicie el trabajo de reformas. El estado de excepci\u00f3n que rige en el pa\u00eds fue declarado el 20 de junio de este a\u00f1o y se prolongar\u00e1 hasta el 20 de septiembre pr\u00f3ximo. El Gobierno y los legisladores del oficialismo ya adelantaron la ampliaci\u00f3n de estas restricciones por otros seis meses.<\/p>\n<p style=\"text-align: justify\">\u201cLa reforma de la Constituci\u00f3n no podr\u00e1 iniciarse mientras est\u00e9 vigente un estado de excepci\u00f3n\u201d, se\u00f1ala el par\u00e1grafo III del art\u00edculo 140 de la Carta Fundamental del pa\u00eds. Este jueves, el presidente del Senado, Diego \u00c1vila, y el diputado, Carlos Alarc\u00f3n, anunciaron un acuerdo pol\u00edtico para impulsar las reformas constitucionales. El documento fue enviado a la comisi\u00f3n de Constituci\u00f3n del Senado. Juan del Granado, tambi\u00e9n anunci\u00f3 que hasta su comisi\u00f3n llegaron tres anteproyectos de Ley, pero que no ser\u00e1n iniciadas mientras est\u00e9 vigente la restricci\u00f3n constitucional.<\/p>\n<p style=\"text-align: justify\">M\u00e1s aguda, la diputada, Claudia Herbas (AP), advirti\u00f3 con procesar a los diputados o senadores que inicien el tratamiento de estos anteproyectos y record\u00f3 que ser\u00edan los propios legisladores quienes est\u00e9n cometiendo un delito, porque es una prohibici\u00f3n constitucional, y m\u00e1xime, cuando los propios diputados del oficialismo quieren ampliar el estado de excepci\u00f3n.<\/p>\n<p style=\"text-align: justify\">\u201cNo s\u00e9 qu\u00e9 interpretaci\u00f3n barroca tendr\u00e1n ahora, pero, quiero decirles a estos se\u00f1ores y a los legisladores que en este momento est\u00e1n apoyando esto, es que realmente estas acciones son evidentemente nulas y son evidentemente ilegales, porque adem\u00e1s podr\u00edan estar incurriendo en el delito de resoluciones contrarias a la Constituci\u00f3n y las leyes\u201d, dijo la diputada opositora.<\/p>\n","protected":false},"excerpt":{"rendered":"<p>Las reformas a la Constituci\u00f3n Pol\u00edtica del Estado (CPE) no pueden iniciarse si el pa\u00eds est\u00e1 en estado de excepci\u00f3n, as\u00ed dicta la propia Carta Magna, alert\u00f3 el veterano abogado y legislador, Juan del Granado (Unidad), quien adem\u00e1s preside la comisi\u00f3n de Constituci\u00f3n de la C\u00e1mara de Diputados. \u201cMientras el estado de excepci\u00f3n se mantenga [&hellip;]<\/p>\n","protected":false},"author":1,"featured_media":90401,"comment_status":"closed","ping_status":"open","sticky":false,"template":"","format":"standard","meta":{"footnotes":""},"categories":[18],"tags":[],"class_list":["post-90400","post","type-post","status-publish","format-standard","has-post-thumbnail","category-politica"],"_links":{"self":[{"href":"https:\/\/jms.com.bo\/mediamonitor\/wp-json\/wp\/v2\/posts\/90400","targetHints":{"allow":["GET"]}}],"collection":[{"href":"https:\/\/jms.com.bo\/mediamonitor\/wp-json\/wp\/v2\/posts"}],"about":[{"href":"https:\/\/jms.com.bo\/mediamonitor\/wp-json\/wp\/v2\/types\/post"}],"author":[{"embeddable":true,"href":"https:\/\/jms.com.bo\/mediamonitor\/wp-json\/wp\/v2\/users\/1"}],"replies":[{"embeddable":true,"href":"https:\/\/jms.com.bo\/mediamonitor\/wp-json\/wp\/v2\/comments?post=90400"}],"version-history":[{"count":0,"href":"https:\/\/jms.com.bo\/mediamonitor\/wp-json\/wp\/v2\/posts\/90400\/revisions"}],"wp:featuredmedia":[{"embeddable":true,"href":"https:\/\/jms.com.bo\/mediamonitor\/wp-json\/wp\/v2\/media\/90401"}],"wp:attachment":[{"href":"https:\/\/jms.com.bo\/mediamonitor\/wp-json\/wp\/v2\/media?parent=90400"}],"wp:term":[{"taxonomy":"category","embeddable":true,"href":"https:\/\/jms.com.bo\/mediamonitor\/wp-json\/wp\/v2\/categories?post=90400"},{"taxonomy":"post_tag","embeddable":true,"href":"https:\/\/jms.com.bo\/mediamonitor\/wp-json\/wp\/v2\/tags?post=90400"}],"curies":[{"name":"wp","href":"https:\/\/api.w.org\/{rel}","templated":true}]}}