{"id":90404,"date":"2026-09-04T07:06:18","date_gmt":"2026-09-04T11:06:18","guid":{"rendered":"https:\/\/mediamonitorbo.com.bo\/?p=27667"},"modified":"2026-09-04T07:06:18","modified_gmt":"2026-09-04T11:06:18","slug":"mision-de-la-oea-advierte-que-la-inestabilidad-en-bolivia-favorece-la-expansion-del-crimen-organizado-en-la-region","status":"publish","type":"post","link":"https:\/\/jms.com.bo\/mediamonitor\/2026\/09\/04\/mision-de-la-oea-advierte-que-la-inestabilidad-en-bolivia-favorece-la-expansion-del-crimen-organizado-en-la-region\/","title":{"rendered":"Misi\u00f3n de la OEA advierte que la inestabilidad en Bolivia favorece la expansi\u00f3n del crimen organizado en la regi\u00f3n"},"content":{"rendered":"<p style=\"text-align: justify\">El informe de la Misi\u00f3n de Alto Nivel de la Organizaci\u00f3n de Estados Americanos (OEA) sobre la crisis pol\u00edtica que enfrent\u00f3 el pa\u00eds entre mayo y julio de este a\u00f1o advirti\u00f3 que la inestabilidad institucional en Bolivia genera un escenario propicio para la expansi\u00f3n del crimen organizado con alcance regional, a tiempo de recomendar un equilibrio urgente entre el derecho a la protesta pac\u00edfica y el resguardo de los servicios esenciales y la infraestructura cr\u00edtica del Estado.<\/p>\n<p style=\"text-align: justify\">El organismo subray\u00f3 la necesidad de aplicar un enfoque dual que proteja el derecho a la protesta pac\u00edfica sin desproteger los derechos de los dem\u00e1s ciudadanos, e inst\u00f3 al Estado a asegurar la continuidad de los servicios esenciales, resguardar la infraestructura cr\u00edtica y establecer de forma obligatoria corredores humanitarios y log\u00edsticos cuando los bloqueos o movilizaciones comprometan el funcionamiento del pa\u00eds.<\/p>\n<p style=\"text-align: justify\">Este jueves, el Consejo Permanente de la OEA tom\u00f3 conocimiento del informe elaborado por la misi\u00f3n, que visit\u00f3 el pa\u00eds entre el 29 y 30 de julio pasado, y el ministro de la Presidencia, Fernando Aramayo, destac\u00f3 las recomendaciones s\u00e9ptima y quinta del documento.<\/p>\n<p style=\"text-align: justify\">En su intervenci\u00f3n, la autoridad destac\u00f3 ambas recomendaciones, la s\u00e9ptima, en la que la misi\u00f3n de la OEA: \u201cresalta la importancia de fortalecer las instituciones democr\u00e1ticas y advierte que los episodios de inestabilidad y su eventual debilitamiento pueden generar condiciones propicias para el accionar del crimen organizado, con efectos que trascienden la seguridad interna y alcanzan la seguridad regional\u201d.<\/p>\n<p style=\"text-align: justify\">Por otra parte, se refiri\u00f3 a la quinta recomendaci\u00f3n, que se enfoca en la gesti\u00f3n de la conflictividad que enfrent\u00f3 el pa\u00eds, debido al bloqueo de carreteras que se extendi\u00f3 por m\u00e1s de 50 d\u00edas, convocado por la Central Obrera Boliviana (COB), en principio pidiendo respuestas a su pliego petitorio de la presente gesti\u00f3n, que deriv\u00f3 despu\u00e9s en exigir la renuncia del presidente, Rodrigo Paz.<\/p>\n<p style=\"text-align: justify\">\u201cLa recomendaci\u00f3n quinta de la misi\u00f3n subraya la necesidad de proteger simult\u00e1neamente el derecho a la protesta pac\u00edfica y los derechos de terceros, asegurando la continuidad de los servicios esenciales, la protecci\u00f3n de la infraestructura cr\u00edtica y el establecimiento de los arreglos necesarios para garantizar corredores humanitarios y log\u00edsticos cuando la conflictividad compromete el funcionamiento del Estado\u201d, afirm\u00f3.<\/p>\n<p style=\"text-align: justify\">Aramayo manifest\u00f3 que Bolivia entiende, sobre todo, estas dos recomendaciones como un llamado a fortalecer su capacidad institucional para prevenir, contener y responder a las crisis dentro del marco de la Constituci\u00f3n, el Estado de derecho y sus obligaciones interamericanas. \u201cNo desconocemos la relevancia del resto de las recomendaciones, pero hemos querido enfatizar un par de ellas\u201d, precis\u00f3.<\/p>\n<p style=\"text-align: justify\">Dijo que el Gobierno est\u00e1 comprometido con la vigencia plena del Estado de derecho y el respeto a los derechos humanos, pero tambi\u00e9n con el uso irrestricto de todos los mecanismos institucionales y constitucionales del Estado para garantizar ese ejercicio efectivo y pleno de derechos para toda la poblaci\u00f3n boliviana.<\/p>\n<p style=\"text-align: justify\">El ministro consider\u00f3 que, a partir de lo presentado, resulta indispensable reflexionar sobre la magnitud de los hechos acontecidos y sobre la ruta que se debe seguir de aqu\u00ed en adelante.<\/p>\n<p style=\"text-align: justify\">Precis\u00f3 que la misi\u00f3n lleg\u00f3 a Bolivia tras un doloroso periodo de 53 d\u00edas de intensa conflictividad social, un escenario caracterizado por bloqueos coercitivos que asfixiaron el abastecimiento de alimentos, medicamentos y combustibles, vulnerando de forma sistem\u00e1tica el derecho al libre tr\u00e1nsito y afectando a millones de familias bolivianas.<\/p>\n<p style=\"text-align: justify\">Se refiri\u00f3 a las p\u00e9rdidas provocadas por los bloqueos. \u00abLos datos econ\u00f3micos y el costo humano de esta paralizaci\u00f3n son ineludibles, esta crisis le significa a Bolivia un costo econ\u00f3mico que sin lugar a duda es cuantioso, supera los Bs 14.000 millones en p\u00e9rdidas directas, la p\u00e9rdida de 250.000 empleos directos e indirectos, pero el hecho m\u00e1s fuerte es el conjunto de fallecimientos\u00bb, manifest\u00f3.<\/p>\n<p style=\"text-align: justify\">En la ciudad de La Paz, siete de cada 10 industrias contin\u00faan sufriendo las consecuencias de este estrangulamiento, pero resulta mucho m\u00e1s tr\u00e1gico, sin lugar a dudas, el saldo humano. La Defensor\u00eda del Pueblo registr\u00f3 22 personas fallecidas, de las cuales 19 eran terceros no movilizados\u201d, sostuvo.<\/p>\n<p style=\"text-align: justify\">Afirm\u00f3 que el pa\u00eds no estuvo ante simples reclamos sectoriales, sino \u201cante una estrategia deliberada que busc\u00f3 erosionar el orden democr\u00e1tico y forzar la interrupci\u00f3n del mandato constitucional expresado en las urnas en 2025\u201d.<\/p>\n<p style=\"text-align: justify\">Justific\u00f3 que, ante el asedio, el Estado boliviano promulg\u00f3 el Decreto Supremo 5636, de estado de excepci\u00f3n, y aclar\u00f3 que esa medida no fue dictada con un af\u00e1n de represi\u00f3n y persecuci\u00f3n, sino como un acto de responsabilidad para defender la vida, abrir corredores humanitarios, llevar el ox\u00edgeno a los hospitales, alimentos a los hogares, carburantes al sector productivo y, en definitiva, resguardar la democracia y garantizar el ejercicio efectivo de derechos.<\/p>\n<p style=\"text-align: justify\">Explic\u00f3 que la medida de excepci\u00f3n no fue la herramienta enfocada a acallar voces, sino para proteger a los m\u00e1s vulnerables, y que el Estado boliviano acudi\u00f3 soberanamente al sistema interamericano, y que se abrieron las puertas de las instituciones para que la misi\u00f3n pudiera escuchar a todos los actores sociales.<\/p>\n<p style=\"text-align: justify\">Aramayo consider\u00f3 que este ejercicio transparente del Gobierno nacional desmantela una falsa disyuntiva, la noci\u00f3n err\u00f3nea de que \u201cproteger el derecho a la protesta exige relativizar el orden constitucional o que defender la Constituci\u00f3n implica desconocer las demandas sociales leg\u00edtimas\u201d.<\/p>\n<p style=\"text-align: justify\">Para nuestro Gobierno, dijo, esa disyuntiva es falsa. Una democracia madura debe garantizar la movilizaci\u00f3n pac\u00edfica, pero tambi\u00e9n proteger a las mayor\u00edas que no protestan y asegurar que las autoridades electas ejerciten su mandato en los marcos constitucionales.<\/p>\n<p style=\"text-align: justify\">El informe deja una definici\u00f3n pol\u00edtica categ\u00f3rica: el derecho a la protesta social es un derecho, pero la sustituci\u00f3n de la voluntad popular mediante la coerci\u00f3n o la violencia jam\u00e1s lo ser\u00e1. Aceptar que un Gobierno leg\u00edtimamente electo pueda ser acorralado para forzar renuncias al margen de la Constituci\u00f3n sentar\u00eda un precedente peligroso para cualquiera de nuestros estados, advirti\u00f3.<\/p>\n<p style=\"text-align: justify\">El Estado boliviano actu\u00f3 con firmeza, pero tambi\u00e9n con vocaci\u00f3n de paz, apostando por la contenci\u00f3n institucional y evitando el uso desproporcionado de la fuerza p\u00fablica. Sin embargo, \u00abla contenci\u00f3n no significa impunidad, las investigaciones sobre los hechos de violencia y las p\u00e9rdidas humanas deben continuar, con pleno respeto al debido proceso y reparaci\u00f3n a las v\u00edctimas\u00bb, asegur\u00f3.<\/p>\n<p style=\"text-align: justify\">Las recomendaciones de la misi\u00f3n sirven de base para consolidar una agenda de prevenci\u00f3n en tres momentos: prevenir mediante el di\u00e1logo permanente; establecer las reglas de protecci\u00f3n de los servicios esenciales y derechos de terceros durante la movilizaci\u00f3n; y garantizar investigaciones imparciales junto con medidas de reactivaci\u00f3n econ\u00f3mica.<\/p>\n<p style=\"text-align: justify\">A partir de las recomendaciones, Bolivia tiene que construir una agenda que significa que el Estado asuma plenamente su responsabilidad de adoptar todas aquellas medidas que resulten necesarias para preservar la institucionalidad democr\u00e1tica y garantizar el ejercicio efectivo de los derechos de toda la poblaci\u00f3n, sostuvo.<\/p>\n","protected":false},"excerpt":{"rendered":"<p>El informe de la Misi\u00f3n de Alto Nivel de la Organizaci\u00f3n de Estados Americanos (OEA) sobre la crisis pol\u00edtica que enfrent\u00f3 el pa\u00eds entre mayo y julio de este a\u00f1o advirti\u00f3 que la inestabilidad institucional en Bolivia genera un escenario propicio para la expansi\u00f3n del crimen organizado con alcance regional, a tiempo de recomendar un [&hellip;]<\/p>\n","protected":false},"author":1,"featured_media":90405,"comment_status":"closed","ping_status":"open","sticky":false,"template":"","format":"standard","meta":{"footnotes":""},"categories":[18,48,46],"tags":[],"class_list":["post-90404","post","type-post","status-publish","format-standard","has-post-thumbnail","category-politica","category-portada-general-sitio","category-portada-politica"],"_links":{"self":[{"href":"https:\/\/jms.com.bo\/mediamonitor\/wp-json\/wp\/v2\/posts\/90404","targetHints":{"allow":["GET"]}}],"collection":[{"href":"https:\/\/jms.com.bo\/mediamonitor\/wp-json\/wp\/v2\/posts"}],"about":[{"href":"https:\/\/jms.com.bo\/mediamonitor\/wp-json\/wp\/v2\/types\/post"}],"author":[{"embeddable":true,"href":"https:\/\/jms.com.bo\/mediamonitor\/wp-json\/wp\/v2\/users\/1"}],"replies":[{"embeddable":true,"href":"https:\/\/jms.com.bo\/mediamonitor\/wp-json\/wp\/v2\/comments?post=90404"}],"version-history":[{"count":0,"href":"https:\/\/jms.com.bo\/mediamonitor\/wp-json\/wp\/v2\/posts\/90404\/revisions"}],"wp:featuredmedia":[{"embeddable":true,"href":"https:\/\/jms.com.bo\/mediamonitor\/wp-json\/wp\/v2\/media\/90405"}],"wp:attachment":[{"href":"https:\/\/jms.com.bo\/mediamonitor\/wp-json\/wp\/v2\/media?parent=90404"}],"wp:term":[{"taxonomy":"category","embeddable":true,"href":"https:\/\/jms.com.bo\/mediamonitor\/wp-json\/wp\/v2\/categories?post=90404"},{"taxonomy":"post_tag","embeddable":true,"href":"https:\/\/jms.com.bo\/mediamonitor\/wp-json\/wp\/v2\/tags?post=90404"}],"curies":[{"name":"wp","href":"https:\/\/api.w.org\/{rel}","templated":true}]}}