{"id":90408,"date":"2026-09-04T07:10:13","date_gmt":"2026-09-04T11:10:13","guid":{"rendered":"https:\/\/mediamonitorbo.com.bo\/?p=27673"},"modified":"2026-09-04T07:10:13","modified_gmt":"2026-09-04T11:10:13","slug":"economia-posesiona-a-tres-nuevos-viceministros-y-pide-trabajo-responsable-y-coordinado","status":"publish","type":"post","link":"https:\/\/jms.com.bo\/mediamonitor\/2026\/09\/04\/economia-posesiona-a-tres-nuevos-viceministros-y-pide-trabajo-responsable-y-coordinado\/","title":{"rendered":"Econom\u00eda posesiona a tres nuevos viceministros y pide \u201ctrabajo responsable y coordinado\u201d"},"content":{"rendered":"<p style=\"text-align: justify\">El Ministerio de Econom\u00eda y Finanzas P\u00fablicas renov\u00f3 parte de su estructura ejecutiva con la posesi\u00f3n de tres nuevos viceministros, quienes desde este jueves asumieron responsabilidades en \u00e1reas estrat\u00e9gicas para la gesti\u00f3n de los recursos y las finanzas del Estado.<\/p>\n<p style=\"text-align: justify\">Durante el acto, el ministro de Econom\u00eda y Finanzas P\u00fablicas, Christian Andr\u00e9s Morales Burgos, posesion\u00f3 a \u00d3scar Gustavo Navarro Apaza como viceministro del Tesoro y Cr\u00e9dito P\u00fablico; Edwin Aldunate Luj\u00e1n como viceministro de Presupuesto y Contabilidad Fiscal; y Fernando Mois\u00e9s Jim\u00e9nez Ceballos como viceministro de Inversi\u00f3n P\u00fablica y Financiamiento Externo.<\/p>\n<p style=\"text-align: justify\">Morales felicit\u00f3 a las nuevas autoridades y destac\u00f3 que asumir estos cargos implica una gran responsabilidad y compromiso con el pa\u00eds.<\/p>\n<p style=\"text-align: justify\">\u201cAcabamos de posesionar a nuevas autoridades que desde hoy asumen una responsabilidad enorme dentro de este ministerio\u201d, afirm\u00f3.<\/p>\n<p style=\"text-align: justify\">El ministro tambi\u00e9n reconoci\u00f3 el respaldo de las familias de los nuevos viceministros y se\u00f1al\u00f3 que detr\u00e1s de cada autoridad existe un entorno familiar que acompa\u00f1a y sostiene el trabajo p\u00fablico.<\/p>\n<p style=\"text-align: justify\">\u201cSabemos que detr\u00e1s de una autoridad tambi\u00e9n hay familias que van a acompa\u00f1ar y que van a ser una plataforma fundamental en el d\u00eda a d\u00eda de estas nuevas autoridades\u201d, manifest\u00f3.<\/p>\n<p style=\"text-align: justify\">Morales pidi\u00f3 a los nuevos funcionarios desarrollar una gesti\u00f3n basada en el trabajo responsable, coordinado y comprometido, con el objetivo de avanzar en las medidas planteadas por el Gobierno para fortalecer la econom\u00eda nacional.<\/p>\n<p style=\"text-align: justify\">Ministro de Econom\u00eda posesiona a tres nuevos viceministros. Foto APG.<br \/>\nEn particular, destac\u00f3 la responsabilidad del Viceministerio del Tesoro y Cr\u00e9dito P\u00fablico en la administraci\u00f3n de los recursos fiscales.<\/p>\n<p style=\"text-align: justify\">\u201cDesde el Tesoro y Cr\u00e9dito P\u00fablico tenemos la responsabilidad de administrar con prudencia los recursos fiscales\u201d, se\u00f1al\u00f3.<\/p>\n<p style=\"text-align: justify\">Asimismo, el ministro encomend\u00f3 al nuevo viceministro \u00d3scar Navarro la tarea de cautelar los recursos del Estado y velar por los intereses econ\u00f3micos de la poblaci\u00f3n.<\/p>\n<p style=\"text-align: justify\">La posesi\u00f3n de estas tres autoridades se produce en un contexto en el que el Ministerio de Econom\u00eda busca avanzar en sus objetivos de gesti\u00f3n y enfrentar los desaf\u00edos fiscales y financieros del pa\u00eds.<\/p>\n<p style=\"text-align: justify\">\n","protected":false},"excerpt":{"rendered":"<p>El Ministerio de Econom\u00eda y Finanzas P\u00fablicas renov\u00f3 parte de su estructura ejecutiva con la posesi\u00f3n de tres nuevos viceministros, quienes desde este jueves asumieron responsabilidades en \u00e1reas estrat\u00e9gicas para la gesti\u00f3n de los recursos y las finanzas del Estado. Durante el acto, el ministro de Econom\u00eda y Finanzas P\u00fablicas, Christian Andr\u00e9s Morales Burgos, posesion\u00f3 [&hellip;]<\/p>\n","protected":false},"author":1,"featured_media":90409,"comment_status":"closed","ping_status":"open","sticky":false,"template":"","format":"standard","meta":{"footnotes":""},"categories":[25],"tags":[],"class_list":["post-90408","post","type-post","status-publish","format-standard","has-post-thumbnail","category-economia"],"_links":{"self":[{"href":"https:\/\/jms.com.bo\/mediamonitor\/wp-json\/wp\/v2\/posts\/90408","targetHints":{"allow":["GET"]}}],"collection":[{"href":"https:\/\/jms.com.bo\/mediamonitor\/wp-json\/wp\/v2\/posts"}],"about":[{"href":"https:\/\/jms.com.bo\/mediamonitor\/wp-json\/wp\/v2\/types\/post"}],"author":[{"embeddable":true,"href":"https:\/\/jms.com.bo\/mediamonitor\/wp-json\/wp\/v2\/users\/1"}],"replies":[{"embeddable":true,"href":"https:\/\/jms.com.bo\/mediamonitor\/wp-json\/wp\/v2\/comments?post=90408"}],"version-history":[{"count":0,"href":"https:\/\/jms.com.bo\/mediamonitor\/wp-json\/wp\/v2\/posts\/90408\/revisions"}],"wp:featuredmedia":[{"embeddable":true,"href":"https:\/\/jms.com.bo\/mediamonitor\/wp-json\/wp\/v2\/media\/90409"}],"wp:attachment":[{"href":"https:\/\/jms.com.bo\/mediamonitor\/wp-json\/wp\/v2\/media?parent=90408"}],"wp:term":[{"taxonomy":"category","embeddable":true,"href":"https:\/\/jms.com.bo\/mediamonitor\/wp-json\/wp\/v2\/categories?post=90408"},{"taxonomy":"post_tag","embeddable":true,"href":"https:\/\/jms.com.bo\/mediamonitor\/wp-json\/wp\/v2\/tags?post=90408"}],"curies":[{"name":"wp","href":"https:\/\/api.w.org\/{rel}","templated":true}]}}