{"id":90412,"date":"2026-09-04T07:13:34","date_gmt":"2026-09-04T11:13:34","guid":{"rendered":"https:\/\/mediamonitorbo.com.bo\/?p=27679"},"modified":"2026-09-04T07:13:34","modified_gmt":"2026-09-04T11:13:34","slug":"fmi-bolivia-abre-la-batalla-politica-por-us-1-900-millones-y-un-paquete-de-reformas","status":"publish","type":"post","link":"https:\/\/jms.com.bo\/mediamonitor\/2026\/09\/04\/fmi-bolivia-abre-la-batalla-politica-por-us-1-900-millones-y-un-paquete-de-reformas\/","title":{"rendered":"FMI: Bolivia abre la batalla pol\u00edtica por $us 1.900 millones y un paquete de reformas"},"content":{"rendered":"<p style=\"text-align: justify\">El proyecto de ley que habilita el acuerdo por $us 1.900 millones con el Fondo Monetario Internacional (FMI) ya ingres\u00f3 formalmente a la Asamblea Legislativa Plurinacional (ALP) y fue remitido a la Comisi\u00f3n de Planificaci\u00f3n de la C\u00e1mara de Diputados.<\/p>\n<p style=\"text-align: justify\">El tr\u00e1mite legislativo abre ahora una etapa decisiva para el programa econ\u00f3mico del Gobierno de Rodrigo Paz, mientras crece la presi\u00f3n de sectores c\u00edvicos, sindicales y productivos que vinculan las reformas anunciadas con el encarecimiento del di\u00e9sel y la crisis de abastecimiento de combustibles.<\/p>\n<p style=\"text-align: justify\">El acuerdo, alcanzado a nivel t\u00e9cnico el 29 de julio, contempla un financiamiento de 1.369 millones de Derechos Especiales de Giro (DEG), equivalentes a aproximadamente $us 1.900 millones, mediante un programa de 36 meses bajo el Servicio Ampliado del FMI (SAF). Sin embargo, todav\u00eda no est\u00e1 aprobado: requiere la autorizaci\u00f3n de la Asamblea boliviana y posteriormente la aprobaci\u00f3n del Directorio Ejecutivo del organismo multilateral.<\/p>\n<p style=\"text-align: justify\">El primer paso ya est\u00e1 dado<\/p>\n<p style=\"text-align: justify\">El segundo vicepresidente de la C\u00e1mara de Diputados, Rodrigo Antonio, confirm\u00f3 que el proyecto fue le\u00eddo en la sesi\u00f3n de la C\u00e1mara y que el documento fue derivado a la Comisi\u00f3n de Planificaci\u00f3n, donde deber\u00e1 comenzar su an\u00e1lisis.<\/p>\n<p style=\"text-align: justify\">\u201cEl proyecto de ley de pr\u00e9stamo con el Fondo Monetario Internacional, por un monto de $us 1.369 millones, destinados a respaldar el programa integral de reformas econ\u00f3micas\u201d, se\u00f1al\u00f3 el legislador, seg\u00fan el reporte proporcionado.<\/p>\n<p style=\"text-align: justify\">La diferencia entre los dos montos \u20141.369 millones de DEG y $us 1.900 millones\u2014 no representa dos cr\u00e9ditos distintos. Los DEG son la unidad de cuenta utilizada por el FMI y su equivalencia en d\u00f3lares responde al valor de esa canasta de monedas.<\/p>\n<p style=\"text-align: justify\">El presidente Paz ya hab\u00eda anticipado el env\u00edo del proyecto al Legislativo y sostuvo que la aprobaci\u00f3n del cr\u00e9dito permitir\u00eda abrir nuevas fuentes de financiamiento. El Gobierno estima que el programa del FMI podr\u00eda catalizar recursos adicionales de organismos como el Banco Mundial, el BID y otros multilaterales.<\/p>\n<p style=\"text-align: justify\">De acuerdo con el FMI, el programa podr\u00eda contribuir a movilizar m\u00e1s de $us 5.000 millones durante los 36 meses, sumando recursos de otros socios para el desarrollo.<\/p>\n<p style=\"text-align: justify\">\u00bfPara qu\u00e9 quiere Bolivia los recursos?<\/p>\n<p style=\"text-align: justify\">El Gobierno sostiene que una de las prioridades ser\u00e1 fortalecer las Reservas Internacionales y mejorar la disponibilidad de divisas, en un momento en que el mercado cambiario atraviesa una transici\u00f3n hacia un esquema m\u00e1s flexible.<\/p>\n<p style=\"text-align: justify\">El ministro de Econom\u00eda, Christian Morales, se\u00f1al\u00f3 que los recursos contribuir\u00edan a garantizar el flujo de d\u00f3lares hacia el mercado y ayudar\u00edan a estabilizar el tipo de cambio.<\/p>\n<p style=\"text-align: justify\">La necesidad de divisas es uno de los principales problemas que enfrenta la econom\u00eda boliviana. El propio FMI identifica entre los desequilibrios acumulados la reducci\u00f3n de las reservas, los d\u00e9ficits fiscales persistentes, la menor producci\u00f3n de hidrocarburos y las distorsiones en los mercados cambiario y de productos.<\/p>\n<p style=\"text-align: justify\">Las \u00faltimas cifras disponibles del Banco Central de Bolivia muestran que las RIN, incluyendo las obligaciones relacionadas con el oro, alcanzaban $us 3.361,3 millones al 31 de julio de 2026.<\/p>\n<p style=\"text-align: justify\">El financiamiento externo, por tanto, no solo tiene una dimensi\u00f3n presupuestaria. Para el Ejecutivo representa tambi\u00e9n una fuente de liquidez externa para enfrentar la escasez de d\u00f3lares y reconstruir el colch\u00f3n de reservas.<\/p>\n<p style=\"text-align: justify\">El acuerdo tambi\u00e9n implica reformas<\/p>\n<p style=\"text-align: justify\">El punto central del debate pol\u00edtico es que el dinero no llega sin un programa econ\u00f3mico asociado.<\/p>\n<p style=\"text-align: justify\">El FMI se\u00f1ala que el acuerdo de 36 meses contempla medidas para restablecer la sostenibilidad fiscal, reconstruir las reservas, modernizar el r\u00e9gimen monetario y cambiario, fortalecer el sistema financiero y mejorar la protecci\u00f3n social. Tambi\u00e9n plantea reformas estructurales para favorecer un crecimiento liderado por el sector privado.<\/p>\n<p style=\"text-align: justify\">Entre los compromisos se\u00f1alados por el organismo est\u00e1 avanzar hacia un sistema cambiario basado en el mercado, mejorar la efectividad de la pol\u00edtica monetaria y mantener el compromiso de cero financiamiento monetario del d\u00e9ficit fiscal por parte del Banco Central.<\/p>\n<p style=\"text-align: justify\">Esto explica por qu\u00e9 la discusi\u00f3n sobre el pr\u00e9stamo trasciende la aprobaci\u00f3n de una operaci\u00f3n financiera. En la pr\u00e1ctica, la Asamblea deber\u00e1 analizar tambi\u00e9n el marco econ\u00f3mico que acompa\u00f1a al financiamiento.<\/p>\n<p style=\"text-align: justify\">Combustibles: el punto m\u00e1s sensible<\/p>\n<p style=\"text-align: justify\">La controversia m\u00e1s fuerte est\u00e1 relacionada con el di\u00e9sel. Organizaciones empresariales, c\u00edvicas y sindicales cuestionan que el Gobierno haya reducido la subvenci\u00f3n y elevado el precio del combustible para determinados consumidores antes de que el Congreso apruebe formalmente el acuerdo con el FMI.<\/p>\n<p style=\"text-align: justify\">El tema gan\u00f3 fuerza despu\u00e9s de declaraciones del ministro de la Presidencia, Fernando Aramayo, quien inicialmente calific\u00f3 la modificaci\u00f3n del precio del di\u00e9sel como una \u201ccondici\u00f3n\u201d del FMI y posteriormente se retract\u00f3.<\/p>\n<p style=\"text-align: justify\">El Gobierno sostiene que las medidas forman parte de un proceso de correcci\u00f3n de los desequilibrios econ\u00f3micos, mientras sectores sociales exigen conocer el contenido completo del acuerdo y la denominada carta de intenci\u00f3n.<\/p>\n<p style=\"text-align: justify\">En Santa Cruz, representantes c\u00edvicos y productivos han reclamado precisamente mayor transparencia sobre las condiciones del programa. Reuters report\u00f3 que dirigentes de organizaciones c\u00edvicas, sindicatos y empresarios est\u00e1n asociando cada vez m\u00e1s la escasez de combustibles y el recorte de la subvenci\u00f3n al di\u00e9sel con las reformas vinculadas al financiamiento.<\/p>\n<p style=\"text-align: justify\">La tensi\u00f3n no es menor porque el incremento del costo del combustible se produce cuando todav\u00eda existen problemas de abastecimiento. En las \u00faltimas semanas se registraron protestas y bloqueos vinculados al precio del di\u00e9sel y a su disponibilidad.<\/p>\n<p style=\"text-align: justify\">El costo pol\u00edtico crece antes de la votaci\u00f3n<\/p>\n<p style=\"text-align: justify\">La resistencia al programa del FMI est\u00e1 aumentando incluso antes de que el proyecto sea sometido a una votaci\u00f3n definitiva.<\/p>\n<p style=\"text-align: justify\">Reuters report\u00f3 que nueve organizaciones c\u00edvicas y sociales se reunieron en Cochabamba para reclamar medidas destinadas a reducir el impacto del incremento de costos sobre los hogares y la industria. El problema del combustible se ha convertido as\u00ed en uno de los principales canales por los cuales se expresa el rechazo al programa.<\/p>\n<p style=\"text-align: justify\">El debate tambi\u00e9n tiene una dimensi\u00f3n hist\u00f3rica. Para una parte de la poblaci\u00f3n boliviana, el FMI todav\u00eda est\u00e1 asociado con los programas de ajuste de las d\u00e9cadas de 1980 y 1990. Esa memoria puede dificultar la explicaci\u00f3n pol\u00edtica de medidas como la reducci\u00f3n de subsidios, la disciplina fiscal o la flexibilizaci\u00f3n cambiaria.<\/p>\n<p style=\"text-align: justify\">Sin embargo, la situaci\u00f3n actual es distinta en un aspecto fundamental: el Gobierno de Paz busca utilizar el financiamiento externo para estabilizar una econom\u00eda que enfrenta simult\u00e1neamente problemas fiscales, monetarios, cambiarios, productivos y de abastecimiento.<\/p>\n","protected":false},"excerpt":{"rendered":"<p>El proyecto de ley que habilita el acuerdo por $us 1.900 millones con el Fondo Monetario Internacional (FMI) ya ingres\u00f3 formalmente a la Asamblea Legislativa Plurinacional (ALP) y fue remitido a la Comisi\u00f3n de Planificaci\u00f3n de la C\u00e1mara de Diputados. El tr\u00e1mite legislativo abre ahora una etapa decisiva para el programa econ\u00f3mico del Gobierno de [&hellip;]<\/p>\n","protected":false},"author":1,"featured_media":90413,"comment_status":"closed","ping_status":"open","sticky":false,"template":"","format":"standard","meta":{"footnotes":""},"categories":[25,45,48],"tags":[],"class_list":["post-90412","post","type-post","status-publish","format-standard","has-post-thumbnail","category-economia","category-portada-economia","category-portada-general-sitio"],"_links":{"self":[{"href":"https:\/\/jms.com.bo\/mediamonitor\/wp-json\/wp\/v2\/posts\/90412","targetHints":{"allow":["GET"]}}],"collection":[{"href":"https:\/\/jms.com.bo\/mediamonitor\/wp-json\/wp\/v2\/posts"}],"about":[{"href":"https:\/\/jms.com.bo\/mediamonitor\/wp-json\/wp\/v2\/types\/post"}],"author":[{"embeddable":true,"href":"https:\/\/jms.com.bo\/mediamonitor\/wp-json\/wp\/v2\/users\/1"}],"replies":[{"embeddable":true,"href":"https:\/\/jms.com.bo\/mediamonitor\/wp-json\/wp\/v2\/comments?post=90412"}],"version-history":[{"count":0,"href":"https:\/\/jms.com.bo\/mediamonitor\/wp-json\/wp\/v2\/posts\/90412\/revisions"}],"wp:featuredmedia":[{"embeddable":true,"href":"https:\/\/jms.com.bo\/mediamonitor\/wp-json\/wp\/v2\/media\/90413"}],"wp:attachment":[{"href":"https:\/\/jms.com.bo\/mediamonitor\/wp-json\/wp\/v2\/media?parent=90412"}],"wp:term":[{"taxonomy":"category","embeddable":true,"href":"https:\/\/jms.com.bo\/mediamonitor\/wp-json\/wp\/v2\/categories?post=90412"},{"taxonomy":"post_tag","embeddable":true,"href":"https:\/\/jms.com.bo\/mediamonitor\/wp-json\/wp\/v2\/tags?post=90412"}],"curies":[{"name":"wp","href":"https:\/\/api.w.org\/{rel}","templated":true}]}}