{"id":90414,"date":"2026-09-04T07:16:46","date_gmt":"2026-09-04T11:16:46","guid":{"rendered":"https:\/\/mediamonitorbo.com.bo\/?p=27682"},"modified":"2026-09-04T07:16:46","modified_gmt":"2026-09-04T11:16:46","slug":"ende-asegura-continuidad-de-la-generacion-eolica-en-warnes-i","status":"publish","type":"post","link":"https:\/\/jms.com.bo\/mediamonitor\/2026\/09\/04\/ende-asegura-continuidad-de-la-generacion-eolica-en-warnes-i\/","title":{"rendered":"ENDE asegura continuidad de la generaci\u00f3n e\u00f3lica en Warnes I"},"content":{"rendered":"<p style=\"text-align: justify\">A 120 metros de altura, t\u00e9cnicos especializados de ENDE Corporaci\u00f3n realizan trabajos de mantenimiento preventivo en los aerogeneradores del Parque E\u00f3lico Warnes I, una tarea que busca evitar fallas y mantener la continuidad de la generaci\u00f3n de electricidad a partir del viento.<\/p>\n<p style=\"text-align: justify\">Las labores forman parte del programa de mantenimiento de la infraestructura y comprenden inspecciones y trabajos t\u00e9cnicos sobre las estructuras y componentes que permiten el funcionamiento de los enormes equipos. Las intervenciones se ejecutan bajo protocolos espec\u00edficos de seguridad debido a las dimensiones y caracter\u00edsticas de los aerogeneradores.<\/p>\n<p style=\"text-align: justify\">Cada uno de estos equipos, modelo Vestas V136 MK3B, tiene una potencia de 3,6 megavatios (MW) y est\u00e1 instalado a 120 metros de altura. Sus tres palas alcanzan 68 metros de longitud y cada una pesa alrededor de 13,7 toneladas. En operaci\u00f3n, las aspas pueden alcanzar una velocidad m\u00e1xima de 11,74 revoluciones por minuto.<\/p>\n<p style=\"text-align: justify\">Warnes I<br \/>\nAunque el movimiento de las aspas permite aprovechar la fuerza del viento para producir electricidad, detr\u00e1s de cada aerogenerador existe un trabajo permanente de inspecci\u00f3n y mantenimiento.<\/p>\n<p style=\"text-align: justify\">El objetivo de las tareas preventivas es detectar posibles problemas antes de que se conviertan en fallas, reducir los riesgos durante la operaci\u00f3n y preservar la vida \u00fatil de los equipos. Para ello, los especialistas realizan controles sobre los distintos sistemas que componen los aerogeneradores.<\/p>\n<p style=\"text-align: justify\">ENDE se\u00f1ala que este trabajo es fundamental para mantener la confiabilidad operativa del parque y asegurar que la infraestructura contin\u00fae aportando energ\u00eda al sistema el\u00e9ctrico nacional.<\/p>\n<p style=\"text-align: justify\">El viento como fuente de generaci\u00f3n<br \/>\nEl Parque E\u00f3lico Warnes I forma parte de los proyectos impulsados para incrementar la participaci\u00f3n de fuentes renovables en la matriz el\u00e9ctrica boliviana. La generaci\u00f3n e\u00f3lica permite producir electricidad aprovechando un recurso natural y reducir la dependencia de fuentes convencionales asociadas al uso de combustibles f\u00f3siles.<\/p>\n<p style=\"text-align: justify\">As\u00ed, mientras las enormes palas de los aerogeneradores capturan el viento en Warnes, los equipos t\u00e9cnicos trabajan para que esa energ\u00eda pueda convertirse de manera segura y continua en electricidad.<\/p>\n<p style=\"text-align: justify\">T\u00edtulo alternativo m\u00e1s econ\u00f3mico:<br \/>\nENDE mantiene aerogeneradores de Warnes I para asegurar continuidad de generaci\u00f3n e\u00f3lica<\/p>\n","protected":false},"excerpt":{"rendered":"<p>A 120 metros de altura, t\u00e9cnicos especializados de ENDE Corporaci\u00f3n realizan trabajos de mantenimiento preventivo en los aerogeneradores del Parque E\u00f3lico Warnes I, una tarea que busca evitar fallas y mantener la continuidad de la generaci\u00f3n de electricidad a partir del viento. Las labores forman parte del programa de mantenimiento de la infraestructura y comprenden [&hellip;]<\/p>\n","protected":false},"author":1,"featured_media":90415,"comment_status":"closed","ping_status":"open","sticky":false,"template":"","format":"standard","meta":{"footnotes":""},"categories":[39,44,48],"tags":[],"class_list":["post-90414","post","type-post","status-publish","format-standard","has-post-thumbnail","category-energia","category-portada-energia","category-portada-general-sitio"],"_links":{"self":[{"href":"https:\/\/jms.com.bo\/mediamonitor\/wp-json\/wp\/v2\/posts\/90414","targetHints":{"allow":["GET"]}}],"collection":[{"href":"https:\/\/jms.com.bo\/mediamonitor\/wp-json\/wp\/v2\/posts"}],"about":[{"href":"https:\/\/jms.com.bo\/mediamonitor\/wp-json\/wp\/v2\/types\/post"}],"author":[{"embeddable":true,"href":"https:\/\/jms.com.bo\/mediamonitor\/wp-json\/wp\/v2\/users\/1"}],"replies":[{"embeddable":true,"href":"https:\/\/jms.com.bo\/mediamonitor\/wp-json\/wp\/v2\/comments?post=90414"}],"version-history":[{"count":0,"href":"https:\/\/jms.com.bo\/mediamonitor\/wp-json\/wp\/v2\/posts\/90414\/revisions"}],"wp:featuredmedia":[{"embeddable":true,"href":"https:\/\/jms.com.bo\/mediamonitor\/wp-json\/wp\/v2\/media\/90415"}],"wp:attachment":[{"href":"https:\/\/jms.com.bo\/mediamonitor\/wp-json\/wp\/v2\/media?parent=90414"}],"wp:term":[{"taxonomy":"category","embeddable":true,"href":"https:\/\/jms.com.bo\/mediamonitor\/wp-json\/wp\/v2\/categories?post=90414"},{"taxonomy":"post_tag","embeddable":true,"href":"https:\/\/jms.com.bo\/mediamonitor\/wp-json\/wp\/v2\/tags?post=90414"}],"curies":[{"name":"wp","href":"https:\/\/api.w.org\/{rel}","templated":true}]}}