{"id":1003,"date":"2025-01-03T06:55:06","date_gmt":"2025-01-03T10:55:06","guid":{"rendered":"https:\/\/jms.com.bo\/mediamonitorbo\/2025\/01\/03\/tse-estima-para-el-10-de-agosto-las-elecciones-nacionales-y-para-octubre-la-segunda-vuelta\/"},"modified":"2025-01-03T06:55:06","modified_gmt":"2025-01-03T10:55:06","slug":"tse-estima-para-el-10-de-agosto-las-elecciones-nacionales-y-para-octubre-la-segunda-vuelta","status":"publish","type":"post","link":"https:\/\/jms.com.bo\/mediamonitorbo\/2025\/01\/03\/tse-estima-para-el-10-de-agosto-las-elecciones-nacionales-y-para-octubre-la-segunda-vuelta\/","title":{"rendered":"TSE estima para el 10 de agosto las elecciones nacionales y para octubre la segunda vuelta"},"content":{"rendered":"<p>El Tribunal Supremo Electoral (TSE) inaugurar\u00e1 este viernes el a\u00f1o electoral 2025 con la mirada puesta en los preparativos para organizar las elecciones generales del 10 de agosto.<br \/>\nEl evento est\u00e1 programado para el 10h00, donde, adem\u00e1s, el TSE presentar\u00e1 su informe de gesti\u00f3n y rendici\u00f3n p\u00fablica de cuentas.<br \/>\nEl vocal del TSE Tahuichi Tahuichi Quispe anticip\u00f3 que el 12 de abril se emitir\u00e1 la convocatoria oficial para las Elecciones Generales 2025.<br \/>\n\u201cEl calendario estar\u00eda arrancando el pr\u00f3ximo 12 de abril con la convocatoria oficial, el 10 de agosto jornada electoral, si acaso en esa jornada no hay un claro ganador ir\u00edamos a una segunda vuelta el 12 de octubre\u201d, anticip\u00f3.<br \/>\nEl 8 de noviembre se debe efectuar la transmisi\u00f3n de mando presidencial. Tambi\u00e9n asumir\u00e1n funciones los diputados, senadores y representantes supraestatales.<br \/>\nAl momento, hay 13 partidos pol\u00edticos con personalidad jur\u00eddica vigente. Se trata del Movimiento Nacionalista Revolucionario (MNR), Acci\u00f3n Democr\u00e1tica Nacionalista (ADN), el Frente Revolucionario de Izquierda (FRI), Partido Dem\u00f3crata Cristiano (PDC) y el Movimiento Al Socialismo- Instrumento Pol\u00edtico por la Soberan\u00eda de los Pueblos (MAS-IPSP).<br \/>\nAdem\u00e1s, de Unidad C\u00edvica Solidaridad (UCS); el Partido de Acci\u00f3n Nacional Boliviano (PAN-BOL); el Movimiento Tercer Sistema (MTS); Unidad Nacional (UN); Frente Para la Victoria (FPV); Movimiento Dem\u00f3crata Social (Dem\u00f3cratas); Nueva Generaci\u00f3n Patri\u00f3tica (NGP) y Autonom\u00eda Para Bolivia S\u00famate (APB-S\u00famate).<\/p>\n","protected":false},"excerpt":{"rendered":"<p>El Tribunal Supremo Electoral (TSE) inaugurar\u00e1 este viernes el a\u00f1o electoral 2025 con la mirada puesta en los preparativos para organizar las elecciones generales del 10 de agosto. El evento est\u00e1 programado para el 10h00, donde, adem\u00e1s, el TSE presentar\u00e1 su informe de gesti\u00f3n y rendici\u00f3n p\u00fablica de cuentas. El vocal del TSE Tahuichi Tahuichi [&hellip;]<\/p>\n","protected":false},"author":1,"featured_media":1004,"comment_status":"","ping_status":"open","sticky":false,"template":"","format":"standard","meta":{"pagelayer_contact_templates":[],"_pagelayer_content":"","footnotes":""},"categories":[20],"tags":[],"class_list":{"0":"post-1003","1":"post","2":"type-post","3":"status-publish","4":"format-standard","5":"has-post-thumbnail","7":"category-politica"},"_links":{"self":[{"href":"https:\/\/jms.com.bo\/mediamonitorbo\/wp-json\/wp\/v2\/posts\/1003","targetHints":{"allow":["GET"]}}],"collection":[{"href":"https:\/\/jms.com.bo\/mediamonitorbo\/wp-json\/wp\/v2\/posts"}],"about":[{"href":"https:\/\/jms.com.bo\/mediamonitorbo\/wp-json\/wp\/v2\/types\/post"}],"author":[{"embeddable":true,"href":"https:\/\/jms.com.bo\/mediamonitorbo\/wp-json\/wp\/v2\/users\/1"}],"replies":[{"embeddable":true,"href":"https:\/\/jms.com.bo\/mediamonitorbo\/wp-json\/wp\/v2\/comments?post=1003"}],"version-history":[{"count":0,"href":"https:\/\/jms.com.bo\/mediamonitorbo\/wp-json\/wp\/v2\/posts\/1003\/revisions"}],"wp:featuredmedia":[{"embeddable":true,"href":"https:\/\/jms.com.bo\/mediamonitorbo\/wp-json\/wp\/v2\/media\/1004"}],"wp:attachment":[{"href":"https:\/\/jms.com.bo\/mediamonitorbo\/wp-json\/wp\/v2\/media?parent=1003"}],"wp:term":[{"taxonomy":"category","embeddable":true,"href":"https:\/\/jms.com.bo\/mediamonitorbo\/wp-json\/wp\/v2\/categories?post=1003"},{"taxonomy":"post_tag","embeddable":true,"href":"https:\/\/jms.com.bo\/mediamonitorbo\/wp-json\/wp\/v2\/tags?post=1003"}],"curies":[{"name":"wp","href":"https:\/\/api.w.org\/{rel}","templated":true}]}}