{"id":1005,"date":"2025-01-03T06:53:42","date_gmt":"2025-01-03T10:53:42","guid":{"rendered":"https:\/\/jms.com.bo\/mediamonitorbo\/2025\/01\/03\/senamhi-emite-alerta-naranja-y-pronostica-lluvias-y-tormentas-electricas-en-7-departamentos\/"},"modified":"2025-01-03T06:53:42","modified_gmt":"2025-01-03T10:53:42","slug":"senamhi-emite-alerta-naranja-y-pronostica-lluvias-y-tormentas-electricas-en-7-departamentos","status":"publish","type":"post","link":"https:\/\/jms.com.bo\/mediamonitorbo\/2025\/01\/03\/senamhi-emite-alerta-naranja-y-pronostica-lluvias-y-tormentas-electricas-en-7-departamentos\/","title":{"rendered":"Senamhi emite alerta naranja y pronostica lluvias y tormentas el\u00e9ctricas en 7 departamentos"},"content":{"rendered":"<p>El Servicio Nacional de Meteorolog\u00eda e Hidrolog\u00eda (Senamhi) pronostic\u00f3 cielos nubosos con lluvias y tormentas el\u00e9ctricas, mediante el aviso de alerta Naranja N\u00b0 01\/2025, para los pr\u00f3ximos d\u00edas en Tarija, Beni, Potos\u00ed, Cochabamba, Santa Cruz, Chuquisaca y La Paz, en el inicio de la gesti\u00f3n 2025.<br \/>\n\u201cSe pronostican lluvias y tormentas el\u00e9ctricas moderadas, temporalmente fuertes a ocurrir desde el viernes 03 hasta el domingo 06 de enero de 2025, en 7 departamentos; las principales regiones afectadas ser\u00e1n el eje central, con montos acumulados, de entre 30 a 90 mil\u00edmetros (mm), de agua por metro cuadrado\u201d, establece el comunicado oficial del Senamhi.<br \/>\nLa alerta Naranja indica que existe un nivel de amenaza importante que contempla \u201cfen\u00f3menos no habituales y con cierto grado de peligro para las actividades usuales del ser humano\u201d, seg\u00fan la unidad de Pron\u00f3sticos Meteorol\u00f3gicos.<br \/>\n\u201cVamos a registrar lluvias en estos d\u00edas, con la probabilidad de tormentas el\u00e9ctricas (\u2026), con m\u00e1s intensidad estar\u00edamos comenzando ma\u00f1ana (viernes), en todo el sector sur de Tarija, Chuquisaca y Potos\u00ed, hasta el fin de semana. Se pronostica que las lluvias continuar\u00e1n tambi\u00e9n en parte del tr\u00f3pico de Cochabamba, Santa Cruz y el sur de Beni; ya para el domingo, el sector afectado ser\u00e1 el norte de La Paz, en la regi\u00f3n de los Yungas\u201d, inform\u00f3 la pronosticadora del Senamhi, Marisol Portugal, en entrevista con Tv Estrella.<br \/>\nEn las ciudades de La Paz y El Alto se tiene previsto un descenso de las temperaturas, durante el primer fin de semana de 2025, seg\u00fan el reporte oficial.<br \/>\nAsimismo, el Senamhi difundi\u00f3 en sus RRSS el reporte oficial de niveles diarios en las tres cuencas que monitorea la Unidad de Estudios e Investigaci\u00f3n Hidrol\u00f3gica de la entidad, para este jueves, donde se estima que, de las 49 cuencas y subcuencas registradas, se tiene 12 ascensos respecto a sus \u00faltimas lecturas.<br \/>\n\u201cSe registr\u00f3 el siguiente comportamiento de los niveles de los diferentes cuerpos de agua: en la cuenca cerrada, 1 ascenso de las 9 registradas; en la cuenca del Plata, 7 ascensos de las 12 monitoreadas; y en la cuenca del Amazonas, 4 ascensos de los 28 registros\u201d, indica el documento.<br \/>\nRecomendaciones<br \/>\nDesde la oficina nacional del Senamhi, en La Paz, se inst\u00f3 a que la poblaci\u00f3n pueda llevar consigo el paraguas ante eventuales lluvias, realizar la limpieza de las bocas de tormenta, tanto en hogares como la v\u00eda p\u00fablica, adem\u00e1s de no botar basura en los canales de agua.<br \/>\nAsimismo, Portugal anunci\u00f3 que se debe tener precauci\u00f3n con los viajes que se est\u00e1n realizando por temporada de vacaciones, principalmente en los caminos que van a la regi\u00f3n suroriente del pa\u00eds y norte de La Paz.<\/p>\n","protected":false},"excerpt":{"rendered":"<p>El Servicio Nacional de Meteorolog\u00eda e Hidrolog\u00eda (Senamhi) pronostic\u00f3 cielos nubosos con lluvias y tormentas el\u00e9ctricas, mediante el aviso de alerta Naranja N\u00b0 01\/2025, para los pr\u00f3ximos d\u00edas en Tarija, Beni, Potos\u00ed, Cochabamba, Santa Cruz, Chuquisaca y La Paz, en el inicio de la gesti\u00f3n 2025. \u201cSe pronostican lluvias y tormentas el\u00e9ctricas moderadas, temporalmente fuertes [&hellip;]<\/p>\n","protected":false},"author":1,"featured_media":1006,"comment_status":"","ping_status":"open","sticky":false,"template":"","format":"standard","meta":{"pagelayer_contact_templates":[],"_pagelayer_content":"","footnotes":""},"categories":[21,31,24],"tags":[],"class_list":{"0":"post-1005","1":"post","2":"type-post","3":"status-publish","4":"format-standard","5":"has-post-thumbnail","7":"category-actualidad","8":"category-portada-actualidad","9":"category-portada-general-sitio"},"_links":{"self":[{"href":"https:\/\/jms.com.bo\/mediamonitorbo\/wp-json\/wp\/v2\/posts\/1005","targetHints":{"allow":["GET"]}}],"collection":[{"href":"https:\/\/jms.com.bo\/mediamonitorbo\/wp-json\/wp\/v2\/posts"}],"about":[{"href":"https:\/\/jms.com.bo\/mediamonitorbo\/wp-json\/wp\/v2\/types\/post"}],"author":[{"embeddable":true,"href":"https:\/\/jms.com.bo\/mediamonitorbo\/wp-json\/wp\/v2\/users\/1"}],"replies":[{"embeddable":true,"href":"https:\/\/jms.com.bo\/mediamonitorbo\/wp-json\/wp\/v2\/comments?post=1005"}],"version-history":[{"count":0,"href":"https:\/\/jms.com.bo\/mediamonitorbo\/wp-json\/wp\/v2\/posts\/1005\/revisions"}],"wp:featuredmedia":[{"embeddable":true,"href":"https:\/\/jms.com.bo\/mediamonitorbo\/wp-json\/wp\/v2\/media\/1006"}],"wp:attachment":[{"href":"https:\/\/jms.com.bo\/mediamonitorbo\/wp-json\/wp\/v2\/media?parent=1005"}],"wp:term":[{"taxonomy":"category","embeddable":true,"href":"https:\/\/jms.com.bo\/mediamonitorbo\/wp-json\/wp\/v2\/categories?post=1005"},{"taxonomy":"post_tag","embeddable":true,"href":"https:\/\/jms.com.bo\/mediamonitorbo\/wp-json\/wp\/v2\/tags?post=1005"}],"curies":[{"name":"wp","href":"https:\/\/api.w.org\/{rel}","templated":true}]}}