{"id":1013,"date":"2025-01-03T06:47:55","date_gmt":"2025-01-03T10:47:55","guid":{"rendered":"https:\/\/jms.com.bo\/mediamonitorbo\/2025\/01\/03\/gobernacion-de-la-paz-no-autoriza-alza-en-pasajes-interprovinciales-aguarda-estudio-de-costos\/"},"modified":"2025-01-03T06:47:55","modified_gmt":"2025-01-03T10:47:55","slug":"gobernacion-de-la-paz-no-autoriza-alza-en-pasajes-interprovinciales-aguarda-estudio-de-costos","status":"publish","type":"post","link":"https:\/\/jms.com.bo\/mediamonitorbo\/2025\/01\/03\/gobernacion-de-la-paz-no-autoriza-alza-en-pasajes-interprovinciales-aguarda-estudio-de-costos\/","title":{"rendered":"Gobernaci\u00f3n de La Paz no autoriza alza en pasajes interprovinciales, aguarda estudio de costos"},"content":{"rendered":"<p>Luego de la queja de varios usuarios sobre el incremento en el costo de los pasajes del transporte interprovincial, la Gobernaci\u00f3n del departamento de La Paz aclar\u00f3 que no se autoriz\u00f3 ninguna elevaci\u00f3n y aguarda la entrega de un estudio de costos de parte de las empresas de transporte.<br \/>\nJes\u00fas Chura, vocero del Gobierno Aut\u00f3nomo Departamental de La Paz, record\u00f3 que la esa instituci\u00f3n es la \u00fanica entidad autorizada para un alza en el transporte provincial; y, a la fecha, no emiti\u00f3 ninguna.<br \/>\n\u201cDeben presentar primero un informe y con ese informe veremos si se incrementa o no el pasaje interprovincial; mientras tanto no est\u00e1 nada autorizado\u201d, dijo en Unitel.<br \/>\nAsimismo, asegur\u00f3 que el estudio de costos debe ser actualizado y una vez que la direcci\u00f3n de Transporte lo reciba, deber\u00e1 estudiarlo antes de responder.<br \/>\nPasajes<br \/>\nEn la misma l\u00ednea, la Direcci\u00f3n de Transporte de la Gobernaci\u00f3n emiti\u00f3 este jueves un comunicado en el que declar\u00f3 ilegal cualquier incremento en los costos de pasajes intermunicipales e interprovinciales.<br \/>\nLa nota fue enviada a la Federaci\u00f3n Regional de Transportes \u00abYungas La Paz\u00bb en respuesta a una denuncia presentada por la Federaci\u00f3n Provincial \u00danica de Trabajadores Campesinos \u00abTupac Katari\u00bb.<br \/>\nLa direcci\u00f3n record\u00f3 que toda modificaci\u00f3n tarifaria debe cumplir con la normativa vigente; como lo establece la Ley General de Transporte y el Decreto Departamental N.\u00ba 102. Adem\u00e1s, enfatiz\u00f3 que no existe ninguna autorizaci\u00f3n legal para aplicar un aumento en los pasajes.<br \/>\nAdem\u00e1s, alerta que cualquier incremento unilateral y arbitrario constituye una infracci\u00f3n a la normativa vigente y puede derivar en sanciones.<br \/>\nEn los \u00faltimos d\u00edas, sobre todo por la \u00e9poca de fin de a\u00f1o, muchos usuarios se quejaron que el costo de pasajes, particularmente hacia los Yungas, se increment\u00f3 y que nadie hacia nada para controlar y frenar \u201cel abuso\u201d.<br \/>\nPor ejemplo, un pasajero a Chulumani explic\u00f3 que antes el costo del pasaje a ese destino era Bs 35; sin embargo, en los \u00faltimos d\u00edas subi\u00f3 a Bs 40 sin autorizaci\u00f3n.<\/p>\n","protected":false},"excerpt":{"rendered":"<p>Luego de la queja de varios usuarios sobre el incremento en el costo de los pasajes del transporte interprovincial, la Gobernaci\u00f3n del departamento de La Paz aclar\u00f3 que no se autoriz\u00f3 ninguna elevaci\u00f3n y aguarda la entrega de un estudio de costos de parte de las empresas de transporte. Jes\u00fas Chura, vocero del Gobierno Aut\u00f3nomo [&hellip;]<\/p>\n","protected":false},"author":1,"featured_media":1014,"comment_status":"","ping_status":"open","sticky":false,"template":"","format":"standard","meta":{"pagelayer_contact_templates":[],"_pagelayer_content":"","footnotes":""},"categories":[22],"tags":[],"class_list":{"0":"post-1013","1":"post","2":"type-post","3":"status-publish","4":"format-standard","5":"has-post-thumbnail","7":"category-social"},"_links":{"self":[{"href":"https:\/\/jms.com.bo\/mediamonitorbo\/wp-json\/wp\/v2\/posts\/1013","targetHints":{"allow":["GET"]}}],"collection":[{"href":"https:\/\/jms.com.bo\/mediamonitorbo\/wp-json\/wp\/v2\/posts"}],"about":[{"href":"https:\/\/jms.com.bo\/mediamonitorbo\/wp-json\/wp\/v2\/types\/post"}],"author":[{"embeddable":true,"href":"https:\/\/jms.com.bo\/mediamonitorbo\/wp-json\/wp\/v2\/users\/1"}],"replies":[{"embeddable":true,"href":"https:\/\/jms.com.bo\/mediamonitorbo\/wp-json\/wp\/v2\/comments?post=1013"}],"version-history":[{"count":0,"href":"https:\/\/jms.com.bo\/mediamonitorbo\/wp-json\/wp\/v2\/posts\/1013\/revisions"}],"wp:featuredmedia":[{"embeddable":true,"href":"https:\/\/jms.com.bo\/mediamonitorbo\/wp-json\/wp\/v2\/media\/1014"}],"wp:attachment":[{"href":"https:\/\/jms.com.bo\/mediamonitorbo\/wp-json\/wp\/v2\/media?parent=1013"}],"wp:term":[{"taxonomy":"category","embeddable":true,"href":"https:\/\/jms.com.bo\/mediamonitorbo\/wp-json\/wp\/v2\/categories?post=1013"},{"taxonomy":"post_tag","embeddable":true,"href":"https:\/\/jms.com.bo\/mediamonitorbo\/wp-json\/wp\/v2\/tags?post=1013"}],"curies":[{"name":"wp","href":"https:\/\/api.w.org\/{rel}","templated":true}]}}