{"id":1015,"date":"2025-01-03T06:46:14","date_gmt":"2025-01-03T10:46:14","guid":{"rendered":"https:\/\/jms.com.bo\/mediamonitorbo\/2025\/01\/03\/observan-autorizacion-de-actividad-minera-en-area-de-disputa-con-coroico\/"},"modified":"2025-01-03T06:46:14","modified_gmt":"2025-01-03T10:46:14","slug":"observan-autorizacion-de-actividad-minera-en-area-de-disputa-con-coroico","status":"publish","type":"post","link":"https:\/\/jms.com.bo\/mediamonitorbo\/2025\/01\/03\/observan-autorizacion-de-actividad-minera-en-area-de-disputa-con-coroico\/","title":{"rendered":"Observan autorizaci\u00f3n de actividad minera en \u00e1rea de disputa con Coroico"},"content":{"rendered":"<p>El municipio de Yanacachi ha cuestionado que la Autoridad Jurisdiccional Administrativa Minera (AJAM) autorice derechos mineros para la explotaci\u00f3n aur\u00edfera por 30 a\u00f1os a favor de la Cooperativa Minera Salvadora Yerbani, en \u00e1reas en disputa con el municipio de Coroico y que para evitar procesos de consulta previa libre e informada se haya considerado a la comunidad ficticia de \u201c\u00d1equejahuira Cotapata\u201d, que se hace llamar agraria, cuando en los hechos es un campamento minero.<br \/>\n\u201cEvidentemente tenemos toda la documentaci\u00f3n para demostrar que Tres Mar\u00edas es de Yanacachi y que la Cooperativa Salvadora Yerbani est\u00e1 avasallando nuestro municipio y antes ya ha avasallado varias propiedades donde entra con m\u00e1quina y hay cultivos de plantaciones de flores\u201d, asever\u00f3 el alcalde de Yanacachi, V\u00edctor Fern\u00e1ndez (MAS) en entrevista con ANA.<br \/>\nDe acuerdo al contrato administrativo minero por adecuaci\u00f3n con fecha de vencimiento 10 de julio de 2053; la Cooperativa Minera Aur\u00edfera Salvadora Yerbani R.L. podr\u00e1 explotar por 30 a\u00f1os sobre un \u00e1rea de siete cuadr\u00edculas, equivalente a 175 hect\u00e1reas sobre los municipios de Yanacachi y Coroico que comprenden las provincias Sud y Nor Yungas.<br \/>\n\u201cHay un gran problema territorial, el informe est\u00e1 sobrepuesto con la respuesta que hemos solicitado a la Gobernaci\u00f3n (de La Paz) y dice que Coroico nos demand\u00f3 con la Ley 2150 el a\u00f1o 2004, la ley ya no est\u00e1 vigente ha sido reemplazada por la Ley 339 de Delimitaci\u00f3n de Unidades Territoriales, al demandarnos deben adecuarse a esa ley\u201d, explica por su parte el responsable de Catastro de la Alcald\u00eda de Yanacachi, Bladimir Mamani.<br \/>\nEl t\u00e9cnico de la Alcald\u00eda explica que el municipio de Yanacachi, en su calidad de demandado no puede hacer ninguna acci\u00f3n hasta que Coroico desista de continuar su demanda con la extinta ley 2150, seg\u00fan concluyeron en reuniones sostenidas con la Gobernaci\u00f3n y el Viceministerio de Autonom\u00edas.<br \/>\nLa Ley 2150 aprobada el 2000 y vigente hasta enero de 2013 establece las normas para la creaci\u00f3n, delimitaci\u00f3n, reposici\u00f3n y supresi\u00f3n de las unidades pol\u00edtico-administrativas del territorio.<br \/>\n\u201cLa cooperativa ha estado tramitando ante la Gobernaci\u00f3n una personer\u00eda jur\u00eddica como \u00d1equejahuira y nosotros hemos presentado nuestra oposici\u00f3n porque hay sobreposici\u00f3n sobre las comunidades Tres Mar\u00edas y Yerbani\u201d, indica con documentos en mano.<br \/>\nA pesar de la oposici\u00f3n presentada por la Alcald\u00eda de Yanacachi por la sobreposici\u00f3n territorial, la estrategia de penetraci\u00f3n minera tambi\u00e9n cont\u00f3 con el apoyo de la Gobernaci\u00f3n Departamental de La Paz, que emiti\u00f3 personer\u00eda jur\u00eddica a nombre de la \u201cComunidad Agraria \u00d1equejahuira-Cotapata\u201d el 22 de marzo de 2022, bajo la gesti\u00f3n del gobernador Santos Quispe.<br \/>\nSin embargo, la personer\u00eda jur\u00eddica menciona que dicha comunidad se encuentra en el municipio de Coroico, para lo cual la Alcald\u00eda de ese municipio emiti\u00f3 autorizaci\u00f3n de uso de suelo a trav\u00e9s de la resoluci\u00f3n municipal 053\/2020.<br \/>\nEn cambio la comunidad Tres Mar\u00edas, dedicada al cultivo de flores y a la producci\u00f3n de miel obtuvo su personer\u00eda mucho antes, el 8 de julio de 1996 a trav\u00e9s de la resoluci\u00f3n prefectural 338, firmado por el Subprefecto de la provincia Sud Yungas, Mario Morillas Carrasco.<br \/>\nEl Alcalde lamenta que como consecuencia de la reacci\u00f3n de los comunarios en contra del avasallamiento minero en sus tierras de cultivos, se haya desatado una persecuci\u00f3n judicial en contra de los pobladores de Tres Mar\u00edas, siendo que hasta la fecha el productor de flores C\u00e9sar Choque se encuentra en el penal de San Pedro, imputado por presuntos delitos penales como: lesiones graves y leves, organizaci\u00f3n delictuosa y avasallamiento a \u00e1rea minera.<br \/>\nEl abogado Jaime Cu\u00e9llar, especializado en miner\u00eda ilegal, advierte que la orden de aprehensi\u00f3n del Fiscal de Materia de Coroico no identifica el \u00e1rea minera donde se produjo el conflicto, tampoco ofrece la georeferenciaci\u00f3n ni coordenadas del supuesto avasallamiento. (ANA)<\/p>\n","protected":false},"excerpt":{"rendered":"<p>El municipio de Yanacachi ha cuestionado que la Autoridad Jurisdiccional Administrativa Minera (AJAM) autorice derechos mineros para la explotaci\u00f3n aur\u00edfera por 30 a\u00f1os a favor de la Cooperativa Minera Salvadora Yerbani, en \u00e1reas en disputa con el municipio de Coroico y que para evitar procesos de consulta previa libre e informada se haya considerado a [&hellip;]<\/p>\n","protected":false},"author":1,"featured_media":1016,"comment_status":"","ping_status":"open","sticky":false,"template":"","format":"standard","meta":{"pagelayer_contact_templates":[],"_pagelayer_content":"","footnotes":""},"categories":[22],"tags":[],"class_list":{"0":"post-1015","1":"post","2":"type-post","3":"status-publish","4":"format-standard","5":"has-post-thumbnail","7":"category-social"},"_links":{"self":[{"href":"https:\/\/jms.com.bo\/mediamonitorbo\/wp-json\/wp\/v2\/posts\/1015","targetHints":{"allow":["GET"]}}],"collection":[{"href":"https:\/\/jms.com.bo\/mediamonitorbo\/wp-json\/wp\/v2\/posts"}],"about":[{"href":"https:\/\/jms.com.bo\/mediamonitorbo\/wp-json\/wp\/v2\/types\/post"}],"author":[{"embeddable":true,"href":"https:\/\/jms.com.bo\/mediamonitorbo\/wp-json\/wp\/v2\/users\/1"}],"replies":[{"embeddable":true,"href":"https:\/\/jms.com.bo\/mediamonitorbo\/wp-json\/wp\/v2\/comments?post=1015"}],"version-history":[{"count":0,"href":"https:\/\/jms.com.bo\/mediamonitorbo\/wp-json\/wp\/v2\/posts\/1015\/revisions"}],"wp:featuredmedia":[{"embeddable":true,"href":"https:\/\/jms.com.bo\/mediamonitorbo\/wp-json\/wp\/v2\/media\/1016"}],"wp:attachment":[{"href":"https:\/\/jms.com.bo\/mediamonitorbo\/wp-json\/wp\/v2\/media?parent=1015"}],"wp:term":[{"taxonomy":"category","embeddable":true,"href":"https:\/\/jms.com.bo\/mediamonitorbo\/wp-json\/wp\/v2\/categories?post=1015"},{"taxonomy":"post_tag","embeddable":true,"href":"https:\/\/jms.com.bo\/mediamonitorbo\/wp-json\/wp\/v2\/tags?post=1015"}],"curies":[{"name":"wp","href":"https:\/\/api.w.org\/{rel}","templated":true}]}}