{"id":1017,"date":"2025-01-03T06:44:42","date_gmt":"2025-01-03T10:44:42","guid":{"rendered":"https:\/\/jms.com.bo\/mediamonitorbo\/2025\/01\/03\/gobierno-anuncia-la-instalacion-de-cuatro-mesas-tecnicas-con-productores-e-industrias\/"},"modified":"2025-01-03T06:44:42","modified_gmt":"2025-01-03T10:44:42","slug":"gobierno-anuncia-la-instalacion-de-cuatro-mesas-tecnicas-con-productores-e-industrias","status":"publish","type":"post","link":"https:\/\/jms.com.bo\/mediamonitorbo\/2025\/01\/03\/gobierno-anuncia-la-instalacion-de-cuatro-mesas-tecnicas-con-productores-e-industrias\/","title":{"rendered":"Gobierno anuncia la instalaci\u00f3n de cuatro mesas t\u00e9cnicas con productores e industrias"},"content":{"rendered":"<p>El viceministro de Defensa de los Derechos del Usuario, Jorge Silva, anunci\u00f3 la instalaci\u00f3n de cuatro mesas t\u00e9cnicas con productores, comerciantes e industrias para abordar los problemas que afectan a la cadena de alimentos como el arroz, el aceite, la carne de res y de cerdo, entre otros.<br \/>\nExplic\u00f3, que las mesas ser\u00e1n instaladas en las siguientes horas; y el objetivo es buscar medidas para prevenir el agio, la especulaci\u00f3n y el contrabando.<br \/>\n\u201cEstas mesas t\u00e9cnicas son fundamentales para garantizar la producci\u00f3n, el abastecimiento y el precio justo de los alimentos; nos reuniremos con toda la cadena productiva, desde productores hasta comerciantes, para acordar medidas que protejan al consumidor y beneficien al sector productivo\u201d, dijo en conferencia de prensa.<br \/>\nLas mesas incluir\u00e1n a sectores estrat\u00e9gicos como la Confederaci\u00f3n Nacional de Trabajadores en Carne de Bolivia (Contracabol), ganaderos, industrias oleaginosas y comerciantes.<br \/>\nProductores<br \/>\nAsimismo, el viceministro enfatiz\u00f3 en que el Gobierno \u201cno tiene la competencia para imponer o determinar precios y no lo har\u00e1\u201d; lo que busca es trabajar para crear condiciones que permitan la estabilidad del mercado y evitar pr\u00e1cticas de especulaci\u00f3n.<br \/>\nTambi\u00e9n se\u00f1al\u00f3 que se analizar\u00e1n variables como el acceso a insumos, el impacto del contrabando y los efectos del clima sobre la producci\u00f3n agr\u00edcola y ganadera.<br \/>\n\u201cEstas acciones reafirman el compromiso del Gobierno de Bolivia con la defensa de los derechos de los consumidores y la seguridad alimentaria del pa\u00eds\u201d.<br \/>\nEl agio y la especulaci\u00f3n afectan a varios productos de la canasta familiar en los \u00faltimos meses. El Gobierno asumi\u00f3 varias medidas y reforz\u00f3 el control en las fronteras para evitar el contrabando a la inversa. Sin embargo, aun persisten los precios elevados y el desabastecimiento de varios productos en los mercados; por lo que, autoridades negocian con los sectores productivos e industrias en busca de soluciones.<\/p>\n","protected":false},"excerpt":{"rendered":"<p>El viceministro de Defensa de los Derechos del Usuario, Jorge Silva, anunci\u00f3 la instalaci\u00f3n de cuatro mesas t\u00e9cnicas con productores, comerciantes e industrias para abordar los problemas que afectan a la cadena de alimentos como el arroz, el aceite, la carne de res y de cerdo, entre otros. Explic\u00f3, que las mesas ser\u00e1n instaladas en [&hellip;]<\/p>\n","protected":false},"author":1,"featured_media":1018,"comment_status":"","ping_status":"open","sticky":false,"template":"","format":"standard","meta":{"pagelayer_contact_templates":[],"_pagelayer_content":"","footnotes":""},"categories":[26],"tags":[],"class_list":{"0":"post-1017","1":"post","2":"type-post","3":"status-publish","4":"format-standard","5":"has-post-thumbnail","7":"category-alimentos-y-agroindustria"},"_links":{"self":[{"href":"https:\/\/jms.com.bo\/mediamonitorbo\/wp-json\/wp\/v2\/posts\/1017","targetHints":{"allow":["GET"]}}],"collection":[{"href":"https:\/\/jms.com.bo\/mediamonitorbo\/wp-json\/wp\/v2\/posts"}],"about":[{"href":"https:\/\/jms.com.bo\/mediamonitorbo\/wp-json\/wp\/v2\/types\/post"}],"author":[{"embeddable":true,"href":"https:\/\/jms.com.bo\/mediamonitorbo\/wp-json\/wp\/v2\/users\/1"}],"replies":[{"embeddable":true,"href":"https:\/\/jms.com.bo\/mediamonitorbo\/wp-json\/wp\/v2\/comments?post=1017"}],"version-history":[{"count":0,"href":"https:\/\/jms.com.bo\/mediamonitorbo\/wp-json\/wp\/v2\/posts\/1017\/revisions"}],"wp:featuredmedia":[{"embeddable":true,"href":"https:\/\/jms.com.bo\/mediamonitorbo\/wp-json\/wp\/v2\/media\/1018"}],"wp:attachment":[{"href":"https:\/\/jms.com.bo\/mediamonitorbo\/wp-json\/wp\/v2\/media?parent=1017"}],"wp:term":[{"taxonomy":"category","embeddable":true,"href":"https:\/\/jms.com.bo\/mediamonitorbo\/wp-json\/wp\/v2\/categories?post=1017"},{"taxonomy":"post_tag","embeddable":true,"href":"https:\/\/jms.com.bo\/mediamonitorbo\/wp-json\/wp\/v2\/tags?post=1017"}],"curies":[{"name":"wp","href":"https:\/\/api.w.org\/{rel}","templated":true}]}}