{"id":1027,"date":"2025-01-02T07:16:14","date_gmt":"2025-01-02T11:16:14","guid":{"rendered":"https:\/\/jms.com.bo\/mediamonitorbo\/2025\/01\/02\/posesionan-a-mauricio-arevey-mejia-como-nuevo-presidente-interino-de-ende-corporacion\/"},"modified":"2025-01-02T07:16:14","modified_gmt":"2025-01-02T11:16:14","slug":"posesionan-a-mauricio-arevey-mejia-como-nuevo-presidente-interino-de-ende-corporacion","status":"publish","type":"post","link":"https:\/\/jms.com.bo\/mediamonitorbo\/2025\/01\/02\/posesionan-a-mauricio-arevey-mejia-como-nuevo-presidente-interino-de-ende-corporacion\/","title":{"rendered":"Posesionan a Mauricio Arevey Mej\u00eda como nuevo presidente interino de ENDE Corporaci\u00f3n"},"content":{"rendered":"<p>Mauricio Iv\u00e1n Arevey Mej\u00eda fue posesionado este martes como nuevo presidente interino de la Empresa Nacional de Electricidad (ENDE) Corporaci\u00f3n.<br \/>\n\u201cEs un ingeniero que tiene bastante experiencia, trayectoria y formaci\u00f3n en el sector el\u00e9ctrico\u201d, afirm\u00f3 el ministro de Hidrocarburos y Energ\u00edas, Alejandro Gallardo, tras posesionar a la nueva autoridad de la empresa estatal, en un acto en la ciudad de La Paz.<br \/>\nPor su parte, Arevey expres\u00f3 su agradecimiento al presidente Luis Arce y al ministro por su confianza para desempe\u00f1ar el cargo y manifest\u00f3 que continuar\u00e1 trabajando para alcanzar las metas que se tienen en la empresa.<br \/>\n\u201cLo que nos queda por delante es seguir trabajando en las labores que nos ha encomendado el presidente y el Estado Plurinacional de Bolivia. Tenemos unas metas espec\u00edficas hasta el a\u00f1o 2050, donde resalta la electrificaci\u00f3n rural\u201d, dijo.<br \/>\nIndic\u00f3 que, en ese marco, se seguir\u00e1 trabajando para llegar con electricidad \u201chasta el \u00faltimo de los bolivianos\u201d; adem\u00e1s, apuesta fuertemente por la transici\u00f3n energ\u00e9tica con importantes proyectos, como los solares, e\u00f3licos, entre otros.<br \/>\nArevey Mej\u00eda posee una amplia experiencia en el sector energ\u00e9tico. Form\u00f3 parte de ENDE Guaracachi y fue Gerente de Proyectos de la Planta Solar de Oruro. Hasta la fecha, se desempe\u00f1aba como vicepresidente ejecutivo de ENDE.<br \/>\nAsimismo, cuenta con una especialidad en Energ\u00edas Renovables y una maestr\u00eda en Sistemas de Potencia, Energ\u00edas Alternativas y Gerencia de Proyectos.<\/p>\n","protected":false},"excerpt":{"rendered":"<p>Mauricio Iv\u00e1n Arevey Mej\u00eda fue posesionado este martes como nuevo presidente interino de la Empresa Nacional de Electricidad (ENDE) Corporaci\u00f3n. \u201cEs un ingeniero que tiene bastante experiencia, trayectoria y formaci\u00f3n en el sector el\u00e9ctrico\u201d, afirm\u00f3 el ministro de Hidrocarburos y Energ\u00edas, Alejandro Gallardo, tras posesionar a la nueva autoridad de la empresa estatal, en un [&hellip;]<\/p>\n","protected":false},"author":1,"featured_media":1028,"comment_status":"","ping_status":"open","sticky":false,"template":"","format":"standard","meta":{"pagelayer_contact_templates":[],"_pagelayer_content":"","footnotes":""},"categories":[18,28,24],"tags":[],"class_list":{"0":"post-1027","1":"post","2":"type-post","3":"status-publish","4":"format-standard","5":"has-post-thumbnail","7":"category-energia","8":"category-portada-energia","9":"category-portada-general-sitio"},"_links":{"self":[{"href":"https:\/\/jms.com.bo\/mediamonitorbo\/wp-json\/wp\/v2\/posts\/1027","targetHints":{"allow":["GET"]}}],"collection":[{"href":"https:\/\/jms.com.bo\/mediamonitorbo\/wp-json\/wp\/v2\/posts"}],"about":[{"href":"https:\/\/jms.com.bo\/mediamonitorbo\/wp-json\/wp\/v2\/types\/post"}],"author":[{"embeddable":true,"href":"https:\/\/jms.com.bo\/mediamonitorbo\/wp-json\/wp\/v2\/users\/1"}],"replies":[{"embeddable":true,"href":"https:\/\/jms.com.bo\/mediamonitorbo\/wp-json\/wp\/v2\/comments?post=1027"}],"version-history":[{"count":0,"href":"https:\/\/jms.com.bo\/mediamonitorbo\/wp-json\/wp\/v2\/posts\/1027\/revisions"}],"wp:featuredmedia":[{"embeddable":true,"href":"https:\/\/jms.com.bo\/mediamonitorbo\/wp-json\/wp\/v2\/media\/1028"}],"wp:attachment":[{"href":"https:\/\/jms.com.bo\/mediamonitorbo\/wp-json\/wp\/v2\/media?parent=1027"}],"wp:term":[{"taxonomy":"category","embeddable":true,"href":"https:\/\/jms.com.bo\/mediamonitorbo\/wp-json\/wp\/v2\/categories?post=1027"},{"taxonomy":"post_tag","embeddable":true,"href":"https:\/\/jms.com.bo\/mediamonitorbo\/wp-json\/wp\/v2\/tags?post=1027"}],"curies":[{"name":"wp","href":"https:\/\/api.w.org\/{rel}","templated":true}]}}