{"id":1031,"date":"2025-01-02T07:12:33","date_gmt":"2025-01-02T11:12:33","guid":{"rendered":"https:\/\/jms.com.bo\/mediamonitorbo\/2025\/01\/02\/accidente-deja-sin-energia-electrica-a-vallegrande\/"},"modified":"2025-01-02T07:12:33","modified_gmt":"2025-01-02T11:12:33","slug":"accidente-deja-sin-energia-electrica-a-vallegrande","status":"publish","type":"post","link":"https:\/\/jms.com.bo\/mediamonitorbo\/2025\/01\/02\/accidente-deja-sin-energia-electrica-a-vallegrande\/","title":{"rendered":"Accidente deja sin energ\u00eda el\u00e9ctrica a Vallegrande"},"content":{"rendered":"<p>La ciudad de Vallegrande se encuentra sin energ\u00eda el\u00e9ctrica desde las 11:00 de la ma\u00f1ana de este 1 de enero, a consecuencia de un choque de la flota Bol\u00edvar a un poste de energ\u00eda el\u00e9ctrica, que fue derribado.<br \/>\nResponsables de la CRE Mataral, aseguran que se trabaj\u00f3 en la reparaci\u00f3n. Por la emergencia se ha cortado el servicio que ser\u00e1 restablecido paulatinamente, aseguraron desde la CRE Mataral.<br \/>\nCRE repara poste de energ\u00eda el\u00e9ctrica en Vallegrande<br \/>\nEn horas de la noche de este mi\u00e9rcoles, personal de la CRE repar\u00f3 y cambi\u00f3 el poste que un conductor destruy\u00f3. Se conoci\u00f3 que una mujer conduc\u00eda el veh\u00edculo, debido al estado inconveniente del chofer.<br \/>\nLa consecuencia de este accidente la vivi\u00f3 Vallegrande, que estuvo sin energ\u00eda el\u00e9ctrica durante el primer d\u00eda de 2025.<\/p>\n","protected":false},"excerpt":{"rendered":"<p>La ciudad de Vallegrande se encuentra sin energ\u00eda el\u00e9ctrica desde las 11:00 de la ma\u00f1ana de este 1 de enero, a consecuencia de un choque de la flota Bol\u00edvar a un poste de energ\u00eda el\u00e9ctrica, que fue derribado. Responsables de la CRE Mataral, aseguran que se trabaj\u00f3 en la reparaci\u00f3n. Por la emergencia se ha [&hellip;]<\/p>\n","protected":false},"author":1,"featured_media":1032,"comment_status":"","ping_status":"open","sticky":false,"template":"","format":"standard","meta":{"pagelayer_contact_templates":[],"_pagelayer_content":"","footnotes":""},"categories":[18],"tags":[],"class_list":{"0":"post-1031","1":"post","2":"type-post","3":"status-publish","4":"format-standard","5":"has-post-thumbnail","7":"category-energia"},"_links":{"self":[{"href":"https:\/\/jms.com.bo\/mediamonitorbo\/wp-json\/wp\/v2\/posts\/1031","targetHints":{"allow":["GET"]}}],"collection":[{"href":"https:\/\/jms.com.bo\/mediamonitorbo\/wp-json\/wp\/v2\/posts"}],"about":[{"href":"https:\/\/jms.com.bo\/mediamonitorbo\/wp-json\/wp\/v2\/types\/post"}],"author":[{"embeddable":true,"href":"https:\/\/jms.com.bo\/mediamonitorbo\/wp-json\/wp\/v2\/users\/1"}],"replies":[{"embeddable":true,"href":"https:\/\/jms.com.bo\/mediamonitorbo\/wp-json\/wp\/v2\/comments?post=1031"}],"version-history":[{"count":0,"href":"https:\/\/jms.com.bo\/mediamonitorbo\/wp-json\/wp\/v2\/posts\/1031\/revisions"}],"wp:featuredmedia":[{"embeddable":true,"href":"https:\/\/jms.com.bo\/mediamonitorbo\/wp-json\/wp\/v2\/media\/1032"}],"wp:attachment":[{"href":"https:\/\/jms.com.bo\/mediamonitorbo\/wp-json\/wp\/v2\/media?parent=1031"}],"wp:term":[{"taxonomy":"category","embeddable":true,"href":"https:\/\/jms.com.bo\/mediamonitorbo\/wp-json\/wp\/v2\/categories?post=1031"},{"taxonomy":"post_tag","embeddable":true,"href":"https:\/\/jms.com.bo\/mediamonitorbo\/wp-json\/wp\/v2\/tags?post=1031"}],"curies":[{"name":"wp","href":"https:\/\/api.w.org\/{rel}","templated":true}]}}