{"id":1041,"date":"2025-01-02T07:02:30","date_gmt":"2025-01-02T11:02:30","guid":{"rendered":"https:\/\/jms.com.bo\/mediamonitorbo\/2025\/01\/02\/encuesta-dos-tercios-de-los-bolivianos-consideran-que-hay-persecucion-politica-en-el-pais\/"},"modified":"2025-01-02T07:02:30","modified_gmt":"2025-01-02T11:02:30","slug":"encuesta-dos-tercios-de-los-bolivianos-consideran-que-hay-persecucion-politica-en-el-pais","status":"publish","type":"post","link":"https:\/\/jms.com.bo\/mediamonitorbo\/2025\/01\/02\/encuesta-dos-tercios-de-los-bolivianos-consideran-que-hay-persecucion-politica-en-el-pais\/","title":{"rendered":"Encuesta: Dos tercios de los bolivianos consideran que hay persecuci\u00f3n pol\u00edtica en el pa\u00eds"},"content":{"rendered":"<p>Un reciente estudio evidencia una opini\u00f3n mayoritaria entre los bolivianos respecto a los juicios pol\u00edticos: seg\u00fan la encuesta, el 66% de los ciudadanos cree que estos procesos judiciales contra l\u00edderes opositores, como Luis Fernando Camacho y Jeanine \u00c1\u00f1ez, est\u00e1n motivados por una persecuci\u00f3n pol\u00edtica.<br \/>\nPor otro lado, el 20% opina que estas acciones buscan justicia para el pueblo boliviano, mientras que un 14% no tiene una postura definida o prefiere no responder (ver documento adjunto).<br \/>\nLa encuesta a\u00f1ade que Bolivia enfrenta un pesimismo generalizado, con apenas un 5% que cree que el pa\u00eds va por buen camino. Las principales preocupaciones son el desempleo, la corrupci\u00f3n pol\u00edtica y la inflaci\u00f3n.<br \/>\nEl Monitor de Opini\u00f3n P\u00fablica, elaborado por Ipsos Ciesmori, se basa en una encuesta realizada entre octubre y diciembre de 2024 que se llev\u00f3 a cabo con una muestra representativa de 400 personas en Bolivia mediante entrevistas en l\u00ednea. El margen de error es de \u00b14,9% y el nivel de confianza alcanza el 95%.<br \/>\nEl estudio revela tambi\u00e9n que el 94% califica la situaci\u00f3n econ\u00f3mica del pa\u00eds como \u201cmala\u201d, el porcentaje m\u00e1s alto de la regi\u00f3n y que cualquier otra encuesta similar realizada en Bolivia.<br \/>\nLa investigaci\u00f3n tambi\u00e9n indag\u00f3 sobre las percepciones respecto a las elecciones judiciales en el pa\u00eds. Un 46% de los encuestados considera que deber\u00eda implementarse una reforma en la que la selecci\u00f3n de autoridades recaiga en una comisi\u00f3n de expertos independientes.<br \/>\nSin embargo, el 41% est\u00e1 de acuerdo con mantener el voto popular como mecanismo de elecci\u00f3n, y un 13% opt\u00f3 por no responder. Este resultado refleja una divisi\u00f3n de opiniones sobre el sistema actual y la b\u00fasqueda de mayor transparencia.<br \/>\nEn cuanto a la evaluaci\u00f3n del trabajo del Instituto Nacional de Estad\u00edstica (INE) durante el censo de 2024, los bolivianos se muestran mayoritariamente cr\u00edticos. Solo el 22% califica su labor como positiva, mientras que el 35% la considera negativa. El resto de los encuestados adopt\u00f3 una postura neutral o no emiti\u00f3 opini\u00f3n. Estos resultados resaltan una desconfianza generalizada hacia las instituciones p\u00fablicas, particularmente en temas clave como el censo.<br \/>\nSobre la imagen del presidente Luis Arce tras el denominado \u201cintento de golpe de Estado\u201d, un 40% de los encuestados considera que sali\u00f3 debilitado de este episodio, mientras que un 12% cree que se fortaleci\u00f3. El 39% considera que no hubo cambios significativos en su imagen, y un 9% prefiri\u00f3 no opinar. Este panorama subraya la polarizaci\u00f3n pol\u00edtica y la diversidad de interpretaciones sobre los acontecimientos recientes.<br \/>\nCiesmori tambi\u00e9n abord\u00f3 la situaci\u00f3n actual entre Evo Morales y el Gobierno Nacional. Un 73% de los bolivianos percibe que esta relaci\u00f3n est\u00e1 fuera de control y duda de la capacidad del gobierno para resolver el conflicto. Solo un 3% opina que la situaci\u00f3n est\u00e1 bajo control, y un 15% conf\u00eda en que el Ejecutivo lograr\u00e1 estabilizarla. Este dato pone de manifiesto la preocupaci\u00f3n generalizada por las tensiones pol\u00edticas internas en el pa\u00eds.<br \/>\nFinalmente, el estudio explor\u00f3 las expectativas de los bolivianos sobre la posibilidad de que Evo Morales enfrente acciones legales. El 58% de los encuestados considera probable que el Gobierno intente detenerlo o enjuiciarlo por diversos cargos, incluidos trata y tr\u00e1fico de personas y un 49% que lo enjuicie. Por otra parte, un 45% cree que las dos facciones del MAS eventualmente se unir\u00e1n.<br \/>\nEste conjunto de percepciones resalta un panorama marcado por la desconfianza en las instituciones, la polarizaci\u00f3n pol\u00edtica y el descontento social. Los resultados son un llamado de atenci\u00f3n para las autoridades, que enfrentan el desaf\u00edo de recuperar la credibilidad y fortalecer el sistema democr\u00e1tico en Bolivia.<\/p>\n","protected":false},"excerpt":{"rendered":"<p>Un reciente estudio evidencia una opini\u00f3n mayoritaria entre los bolivianos respecto a los juicios pol\u00edticos: seg\u00fan la encuesta, el 66% de los ciudadanos cree que estos procesos judiciales contra l\u00edderes opositores, como Luis Fernando Camacho y Jeanine \u00c1\u00f1ez, est\u00e1n motivados por una persecuci\u00f3n pol\u00edtica. Por otro lado, el 20% opina que estas acciones buscan justicia [&hellip;]<\/p>\n","protected":false},"author":1,"featured_media":1042,"comment_status":"","ping_status":"open","sticky":false,"template":"","format":"standard","meta":{"pagelayer_contact_templates":[],"_pagelayer_content":"","footnotes":""},"categories":[20,24,30],"tags":[],"class_list":{"0":"post-1041","1":"post","2":"type-post","3":"status-publish","4":"format-standard","5":"has-post-thumbnail","7":"category-politica","8":"category-portada-general-sitio","9":"category-portada-politica"},"_links":{"self":[{"href":"https:\/\/jms.com.bo\/mediamonitorbo\/wp-json\/wp\/v2\/posts\/1041","targetHints":{"allow":["GET"]}}],"collection":[{"href":"https:\/\/jms.com.bo\/mediamonitorbo\/wp-json\/wp\/v2\/posts"}],"about":[{"href":"https:\/\/jms.com.bo\/mediamonitorbo\/wp-json\/wp\/v2\/types\/post"}],"author":[{"embeddable":true,"href":"https:\/\/jms.com.bo\/mediamonitorbo\/wp-json\/wp\/v2\/users\/1"}],"replies":[{"embeddable":true,"href":"https:\/\/jms.com.bo\/mediamonitorbo\/wp-json\/wp\/v2\/comments?post=1041"}],"version-history":[{"count":0,"href":"https:\/\/jms.com.bo\/mediamonitorbo\/wp-json\/wp\/v2\/posts\/1041\/revisions"}],"wp:featuredmedia":[{"embeddable":true,"href":"https:\/\/jms.com.bo\/mediamonitorbo\/wp-json\/wp\/v2\/media\/1042"}],"wp:attachment":[{"href":"https:\/\/jms.com.bo\/mediamonitorbo\/wp-json\/wp\/v2\/media?parent=1041"}],"wp:term":[{"taxonomy":"category","embeddable":true,"href":"https:\/\/jms.com.bo\/mediamonitorbo\/wp-json\/wp\/v2\/categories?post=1041"},{"taxonomy":"post_tag","embeddable":true,"href":"https:\/\/jms.com.bo\/mediamonitorbo\/wp-json\/wp\/v2\/tags?post=1041"}],"curies":[{"name":"wp","href":"https:\/\/api.w.org\/{rel}","templated":true}]}}