{"id":1072,"date":"2025-02-28T07:19:25","date_gmt":"2025-02-28T11:19:25","guid":{"rendered":"https:\/\/jms.com.bo\/mediamonitorbo\/2025\/02\/28\/soyeros-logran-preacuerdo-para-la-liberacion-de-las-exportaciones\/"},"modified":"2025-02-28T07:19:25","modified_gmt":"2025-02-28T11:19:25","slug":"soyeros-logran-preacuerdo-para-la-liberacion-de-las-exportaciones","status":"publish","type":"post","link":"https:\/\/jms.com.bo\/mediamonitorbo\/2025\/02\/28\/soyeros-logran-preacuerdo-para-la-liberacion-de-las-exportaciones\/","title":{"rendered":"Soyeros logran preacuerdo para la liberaci\u00f3n de las exportaciones"},"content":{"rendered":"<p>El Gobierno nacional y los productores de soya de Santa Cruz alcanzaron un preacuerdo para liberar la exportaci\u00f3n del grano, tras una mesa de di\u00e1logo instalada esta semana en la capital cruce\u00f1a. El viceministro de Pol\u00edticas de Industrializaci\u00f3n, Luis Siles, confirm\u00f3 el avance, aunque advirti\u00f3 que se ajustar\u00e1n las normativas para priorizar a los productores primarios. El acuerdo busca desactivar un conflicto que manten\u00eda en tensi\u00f3n al sector agr\u00edcola y evitar los bloqueos anunciados por los productores interculturales.<br \/>\nLa negociaci\u00f3n, que se prolong\u00f3 por dos d\u00edas, reuni\u00f3 a autoridades gubernamentales y representantes del sector productivo, quienes exig\u00edan la liberaci\u00f3n de exportaciones y la regularizaci\u00f3n en el suministro de di\u00e9sel. Ren\u00e9 P\u00e9rez, dirigente de Concepci\u00f3n, asegur\u00f3 que la amenaza de bloqueos se levant\u00f3 luego de que el Gobierno se comprometiera a liberar las exportaciones, aunque a\u00fan no se ha definido una fecha concreta. \u201cEsperamos la emisi\u00f3n del documento oficial para concretar la medida\u201d, indic\u00f3.<br \/>\nPor su parte, el viceministro de Pol\u00edticas de Industrializaci\u00f3n enfatiz\u00f3 que la regulaci\u00f3n del proceso exportador busca beneficiar directamente a los productores primarios de soya. \u201cActualmente, el reglamento es demasiado permisivo y permite que cualquier persona exporte soya. Eso debe cambiar\u201d, afirm\u00f3 en una entrevista con Cadena A. Seg\u00fan Siles, el objetivo es garantizar que los certificados de exportaci\u00f3n se otorguen \u00fanicamente a quienes realmente producen el grano, evitando la intermediaci\u00f3n de terceros.<\/p>\n","protected":false},"excerpt":{"rendered":"<p>El Gobierno nacional y los productores de soya de Santa Cruz alcanzaron un preacuerdo para liberar la exportaci\u00f3n del grano, tras una mesa de di\u00e1logo instalada esta semana en la capital cruce\u00f1a. El viceministro de Pol\u00edticas de Industrializaci\u00f3n, Luis Siles, confirm\u00f3 el avance, aunque advirti\u00f3 que se ajustar\u00e1n las normativas para priorizar a los productores [&hellip;]<\/p>\n","protected":false},"author":1,"featured_media":0,"comment_status":"","ping_status":"open","sticky":false,"template":"","format":"standard","meta":{"pagelayer_contact_templates":[],"_pagelayer_content":"","footnotes":""},"categories":[19],"tags":[],"class_list":{"0":"post-1072","1":"post","2":"type-post","3":"status-publish","4":"format-standard","6":"category-economia"},"_links":{"self":[{"href":"https:\/\/jms.com.bo\/mediamonitorbo\/wp-json\/wp\/v2\/posts\/1072","targetHints":{"allow":["GET"]}}],"collection":[{"href":"https:\/\/jms.com.bo\/mediamonitorbo\/wp-json\/wp\/v2\/posts"}],"about":[{"href":"https:\/\/jms.com.bo\/mediamonitorbo\/wp-json\/wp\/v2\/types\/post"}],"author":[{"embeddable":true,"href":"https:\/\/jms.com.bo\/mediamonitorbo\/wp-json\/wp\/v2\/users\/1"}],"replies":[{"embeddable":true,"href":"https:\/\/jms.com.bo\/mediamonitorbo\/wp-json\/wp\/v2\/comments?post=1072"}],"version-history":[{"count":0,"href":"https:\/\/jms.com.bo\/mediamonitorbo\/wp-json\/wp\/v2\/posts\/1072\/revisions"}],"wp:attachment":[{"href":"https:\/\/jms.com.bo\/mediamonitorbo\/wp-json\/wp\/v2\/media?parent=1072"}],"wp:term":[{"taxonomy":"category","embeddable":true,"href":"https:\/\/jms.com.bo\/mediamonitorbo\/wp-json\/wp\/v2\/categories?post=1072"},{"taxonomy":"post_tag","embeddable":true,"href":"https:\/\/jms.com.bo\/mediamonitorbo\/wp-json\/wp\/v2\/tags?post=1072"}],"curies":[{"name":"wp","href":"https:\/\/api.w.org\/{rel}","templated":true}]}}