{"id":1076,"date":"2025-02-28T07:11:15","date_gmt":"2025-02-28T11:11:15","guid":{"rendered":"https:\/\/jms.com.bo\/mediamonitorbo\/2025\/02\/28\/tuto-propone-mantener-la-subvencion-de-combustibles-solo-para-el-transporte-publico\/"},"modified":"2025-02-28T07:11:15","modified_gmt":"2025-02-28T11:11:15","slug":"tuto-propone-mantener-la-subvencion-de-combustibles-solo-para-el-transporte-publico","status":"publish","type":"post","link":"https:\/\/jms.com.bo\/mediamonitorbo\/2025\/02\/28\/tuto-propone-mantener-la-subvencion-de-combustibles-solo-para-el-transporte-publico\/","title":{"rendered":"Tuto propone mantener la subvenci\u00f3n de combustibles s\u00f3lo para el transporte p\u00fablico"},"content":{"rendered":"<p>En el marco de su oferta electoral, el precandidato Jorge Tuto Quiroga explic\u00f3 que su propuesta para la subvenci\u00f3n de combustibles es mantenerla solamente para el transporte p\u00fablico, mientras que el resto pague precio de mercado.<br \/>\n\u201cSe va a mantener para el sector de transporte p\u00fablico que lo necesita y el resto va a pagar precio de mercado, que de hecho ya lo est\u00e1 haciendo\u201d, dijo Quiroga en el programa La Ma\u00f1ana en Directo de ERBOL.<br \/>\nArgument\u00f3 que, en el contexto de escasez de combustibles, en realidad sectores como el productivo cruce\u00f1o y las cooperativas mineras ya est\u00e1n pagando precios de Bs 10 hasta Bs 13 por el litro de combustible.<br \/>\n\u201cLa gente aprendi\u00f3 que esto de tener el d\u00f3lar baratito, el di\u00e9sel baratito para los productores, es cuento. El di\u00e9sel m\u00e1s caro, el d\u00f3lar m\u00e1s caro es el que no tienes. Y hoy no se lo tiene\u201d, se\u00f1al\u00f3 el expresidente.<br \/>\nA\u00f1adi\u00f3 que, en el actual contexto, a los productores ya no les interesa el precio del combustible, sino la desesperaci\u00f3n por producir les lleva a adquirir en las condiciones de mercado.<br \/>\n\u201cEn Bolivia ya hubo devaluaci\u00f3n y cada d\u00eda se va a poner peor. Aqu\u00ed en Bolivia ya hubo di\u00e9selazo y cada d\u00eda se va a poner peor, hasta que no retornemos a la estabilidad y al mundo de la realidad\u201d, dijo.<br \/>\nQuiroga explic\u00f3 que s\u00f3lo mantendr\u00eda la subvenci\u00f3n para el transporte p\u00fablico con el objetivo de \u201cevitar una cadena y espiral inflacionaria\u201d.<br \/>\nRespecto al tema de la inflaci\u00f3n, coment\u00f3 que la misma no es culpa de las \u201ccaseras\u201d en los mercados, sino es producto del gasto del Gobierno en cuestiones como viajes, vi\u00e1ticos, salarios, pegas, vales.<br \/>\nCritic\u00f3 que, como el Gobierno ya no tiene c\u00f3mo endeudarse, est\u00e1 sacando dinero del Banco Central. Se\u00f1al\u00f3 que con m\u00e1s billetes en circulaci\u00f3n, mientras se estrangula la producci\u00f3n, el resultado autom\u00e1tico es el aumento de precios.<br \/>\nComo soluci\u00f3n en este tema, el precandidato propuso \u201cun recorte de todas las pegas, de los amarraguatos, de los viajes, de los vales de las gasolinas, de las avionetas, de los helic\u00f3pteros, de las f\u00e1bricas que no funcionan\u201d en el Estado.<br \/>\nRatific\u00f3 que Bolivia requiere de un plan de salvataje de 12 mil millones de d\u00f3lares, para lo cual planea acudir al Fondo Monetario Internacional y apalancar mayor financiamiento en otros organismos.<\/p>\n","protected":false},"excerpt":{"rendered":"<p>En el marco de su oferta electoral, el precandidato Jorge Tuto Quiroga explic\u00f3 que su propuesta para la subvenci\u00f3n de combustibles es mantenerla solamente para el transporte p\u00fablico, mientras que el resto pague precio de mercado. \u201cSe va a mantener para el sector de transporte p\u00fablico que lo necesita y el resto va a pagar [&hellip;]<\/p>\n","protected":false},"author":1,"featured_media":0,"comment_status":"","ping_status":"open","sticky":false,"template":"","format":"standard","meta":{"pagelayer_contact_templates":[],"_pagelayer_content":"","footnotes":""},"categories":[20],"tags":[],"class_list":{"0":"post-1076","1":"post","2":"type-post","3":"status-publish","4":"format-standard","6":"category-politica"},"_links":{"self":[{"href":"https:\/\/jms.com.bo\/mediamonitorbo\/wp-json\/wp\/v2\/posts\/1076","targetHints":{"allow":["GET"]}}],"collection":[{"href":"https:\/\/jms.com.bo\/mediamonitorbo\/wp-json\/wp\/v2\/posts"}],"about":[{"href":"https:\/\/jms.com.bo\/mediamonitorbo\/wp-json\/wp\/v2\/types\/post"}],"author":[{"embeddable":true,"href":"https:\/\/jms.com.bo\/mediamonitorbo\/wp-json\/wp\/v2\/users\/1"}],"replies":[{"embeddable":true,"href":"https:\/\/jms.com.bo\/mediamonitorbo\/wp-json\/wp\/v2\/comments?post=1076"}],"version-history":[{"count":0,"href":"https:\/\/jms.com.bo\/mediamonitorbo\/wp-json\/wp\/v2\/posts\/1076\/revisions"}],"wp:attachment":[{"href":"https:\/\/jms.com.bo\/mediamonitorbo\/wp-json\/wp\/v2\/media?parent=1076"}],"wp:term":[{"taxonomy":"category","embeddable":true,"href":"https:\/\/jms.com.bo\/mediamonitorbo\/wp-json\/wp\/v2\/categories?post=1076"},{"taxonomy":"post_tag","embeddable":true,"href":"https:\/\/jms.com.bo\/mediamonitorbo\/wp-json\/wp\/v2\/tags?post=1076"}],"curies":[{"name":"wp","href":"https:\/\/api.w.org\/{rel}","templated":true}]}}