{"id":1081,"date":"2025-02-28T07:05:18","date_gmt":"2025-02-28T11:05:18","guid":{"rendered":"https:\/\/jms.com.bo\/mediamonitorbo\/2025\/02\/28\/eeuu-inicia-la-primera-deportacion-de-bolivianos-tres-llegaran-al-pais-en-dias\/"},"modified":"2025-02-28T07:05:18","modified_gmt":"2025-02-28T11:05:18","slug":"eeuu-inicia-la-primera-deportacion-de-bolivianos-tres-llegaran-al-pais-en-dias","status":"publish","type":"post","link":"https:\/\/jms.com.bo\/mediamonitorbo\/2025\/02\/28\/eeuu-inicia-la-primera-deportacion-de-bolivianos-tres-llegaran-al-pais-en-dias\/","title":{"rendered":"EEUU inicia la primera deportaci\u00f3n de bolivianos, tres llegar\u00e1n al pa\u00eds en d\u00edas"},"content":{"rendered":"<p>De acuerdo con las pol\u00edticas de inmigraci\u00f3n que lleva adelante el Gobierno de Donald Trump, las redadas y detenciones a inmigrantes son sistem\u00e1ticas y se intensifican cada vez m\u00e1s; en el caso de los bolivianos detenidos en Estados Unidos, el proceso de deportaci\u00f3n se inici\u00f3 con tres compatriotas que llegar\u00e1n al pa\u00eds en el transcurso de los siguientes d\u00edas.<br \/>\nEl encargado de negocios de la Embajada de Bolivia en Estados Unidos, Henry Baldelomar, inform\u00f3 a Los Tiempos que desde el 20 de enero al 3 de febrero aprehendieron a 127 ciudadanos bolivianos en Estados Unidos, sin embargo, esa cifra se elev\u00f3 a 132. De los cuales, 15 se encuentran en un centro de detenci\u00f3n en el condado de Prince Edward, en la localidad de Farmville, al suroeste del estado de Virginia.<br \/>\nBaldelomar inform\u00f3 que tuvo un encuentro con los 15 connacionales y evidenci\u00f3 que \u201cse encuentran bien de salud. Todos son varones, entre 25 a 36 a\u00f1os, est\u00e1n solos, es decir no tienen familia en Estados Unidos. La mayor\u00eda es de Cochabamba, aunque tambi\u00e9n hay de Potos\u00ed y Santa Cruz\u201d, dijo.<br \/>\nEn cuanto a su deportaci\u00f3n, Baldelomar advirti\u00f3 que no existe una fecha o d\u00eda precisos. \u201cEsto esta sujeto a lo que disponga el gobierno de Estados Unidos, lo que podemos confirmar es que son tres los ciudadanos que ser\u00e1n deportados, y ser\u00e1n trasladados en vuelos comerciales\u201d, sostuvo.<br \/>\nAsever\u00f3, adem\u00e1s, que el resto de los ciudadanos se encuentran en tr\u00e1mite de deportaci\u00f3n, \u201cque consiste en un proceso judicial que tiene etapas. La primera es la aprehensi\u00f3n y el traslado a un centro de detenci\u00f3n. All\u00ed tienen una primera audiencia preliminar, en esa audiencia el ciudadano aprehendido solicita ser asistido por un abogado particular o llamar a la Embajada de Bolivia para ser asesorado. Luego se lleva acabo una segunda audiencia, es la audiencia de m\u00e9ritos, en esta instancia y ante un juez competente, la defensa presentar\u00e1 documentaci\u00f3n y pruebas que permitan al juez evaluar y determinar si corresponde o no su deportaci\u00f3n, muchos de estos ciudadanos ya est\u00e1n en ese proceso, obviamente en distintas etapas, algunos est\u00e1n esperando su audiencia\u201d, asever\u00f3.<br \/>\nPol\u00edticas migratorias<br \/>\nDe acuerdo a lo previsto por la administraci\u00f3n de Trump, al menos un mill\u00f3n de inmigrantes de habla hispana podr\u00edan ser deportados. En el caso de los ciudadanos bolivianos, Baldelomar asegur\u00f3 que s\u00f3lo representan un porcentaje m\u00ednimo, por lo que descarta una deportaci\u00f3n masiva.<br \/>\n\u201cActualmente, en Estados Unidos podr\u00edan existir cerca de 11 a 12 millones de personas que tienen un estatus migratorio irregular. La comunidad boliviana representa un porcentaje m\u00ednimo, sin embargo, no deja de preocuparnos el tema\u201d, afirm\u00f3.<br \/>\nConsultado sobre si se se puso en contacto con los dem\u00e1s bolivianos, Baldelomar afirma que mantuvo comunicaci\u00f3n telef\u00f3nica con muchos de ellos y su autoridad, a trav\u00e9s de la Embajada de Bolivia, est\u00e1 haciendo un seguimiento de los casos.<\/p>\n","protected":false},"excerpt":{"rendered":"<p>De acuerdo con las pol\u00edticas de inmigraci\u00f3n que lleva adelante el Gobierno de Donald Trump, las redadas y detenciones a inmigrantes son sistem\u00e1ticas y se intensifican cada vez m\u00e1s; en el caso de los bolivianos detenidos en Estados Unidos, el proceso de deportaci\u00f3n se inici\u00f3 con tres compatriotas que llegar\u00e1n al pa\u00eds en el transcurso [&hellip;]<\/p>\n","protected":false},"author":1,"featured_media":0,"comment_status":"","ping_status":"open","sticky":false,"template":"","format":"standard","meta":{"pagelayer_contact_templates":[],"_pagelayer_content":"","footnotes":""},"categories":[22],"tags":[],"class_list":{"0":"post-1081","1":"post","2":"type-post","3":"status-publish","4":"format-standard","6":"category-social"},"_links":{"self":[{"href":"https:\/\/jms.com.bo\/mediamonitorbo\/wp-json\/wp\/v2\/posts\/1081","targetHints":{"allow":["GET"]}}],"collection":[{"href":"https:\/\/jms.com.bo\/mediamonitorbo\/wp-json\/wp\/v2\/posts"}],"about":[{"href":"https:\/\/jms.com.bo\/mediamonitorbo\/wp-json\/wp\/v2\/types\/post"}],"author":[{"embeddable":true,"href":"https:\/\/jms.com.bo\/mediamonitorbo\/wp-json\/wp\/v2\/users\/1"}],"replies":[{"embeddable":true,"href":"https:\/\/jms.com.bo\/mediamonitorbo\/wp-json\/wp\/v2\/comments?post=1081"}],"version-history":[{"count":0,"href":"https:\/\/jms.com.bo\/mediamonitorbo\/wp-json\/wp\/v2\/posts\/1081\/revisions"}],"wp:attachment":[{"href":"https:\/\/jms.com.bo\/mediamonitorbo\/wp-json\/wp\/v2\/media?parent=1081"}],"wp:term":[{"taxonomy":"category","embeddable":true,"href":"https:\/\/jms.com.bo\/mediamonitorbo\/wp-json\/wp\/v2\/categories?post=1081"},{"taxonomy":"post_tag","embeddable":true,"href":"https:\/\/jms.com.bo\/mediamonitorbo\/wp-json\/wp\/v2\/tags?post=1081"}],"curies":[{"name":"wp","href":"https:\/\/api.w.org\/{rel}","templated":true}]}}