{"id":1082,"date":"2025-02-28T07:04:03","date_gmt":"2025-02-28T11:04:03","guid":{"rendered":"https:\/\/jms.com.bo\/mediamonitorbo\/2025\/02\/28\/mineros-y-transporte-pesado-en-estado-de-emergencia-por-fallo-contra-soboce\/"},"modified":"2025-02-28T07:04:03","modified_gmt":"2025-02-28T11:04:03","slug":"mineros-y-transporte-pesado-en-estado-de-emergencia-por-fallo-contra-soboce","status":"publish","type":"post","link":"https:\/\/jms.com.bo\/mediamonitorbo\/2025\/02\/28\/mineros-y-transporte-pesado-en-estado-de-emergencia-por-fallo-contra-soboce\/","title":{"rendered":"Mineros y transporte pesado en estado de emergencia por fallo contra Soboce"},"content":{"rendered":"<p>En un clima de creciente tensi\u00f3n, mineros y transporte pesado se han declarado en estado de emergencia y advierten con movilizaciones y bloqueos si el Tribunal Supremo de Justicia (TSJ) no revisa un fallo que pone en riesgo a m\u00e1s de 100 mil familias que dependen de la cadena productiva del cemento.<br \/>\nLa sentencia amenaza la estabilidad de la Sociedad Boliviana de Cemento (Soboce) oblig\u00e1ndolos a pagar m\u00e1s de cien millones de d\u00f3lares, afectando a los miles de familias que dependen de su actividad.<br \/>\n\u201cNos estamos declarando en movilizaci\u00f3n permanente porque esta decisi\u00f3n equivocada de los jueces pone en peligro nuestra fuente de trabajo y la estabilidad de miles de familias. No permitiremos que la justicia act\u00fae por presiones pol\u00edticas o intereses oscuros\u201d, advirti\u00f3 el presidente de la Cooperativa Multiactiva Catavi, David Cruz, que explota caliza en Cerro Catavi, Provincia Los Andes.<br \/>\nEl fallo judicial, duramente cuestionado por sectores productivos y laborales, ha encendido las alarmas en la comunidad minera y el sector del transporte pesado, que dependen directamente de la actividad de Soboce.<br \/>\n\u201cNo solo est\u00e1n afectando a la empresa, est\u00e1n atentando contra toda la econom\u00eda de nuestra regi\u00f3n. Si no nos escuchan, tomaremos medidas dr\u00e1sticas\u201d, sostuvo el secretario general del Sindicato de Transporte Pesado de Viacha, Macario Mollo.<br \/>\nAyer, centenares de mineros, choferes y transportistas protagonizaron una masiva protesta en el centro de La Paz, a pocos metros del Palacio de Gobierno, exigiendo que el Tribunal Supremo de Justicia revise su fallo y act\u00fae con ecuanimidad. Aunque la movilizaci\u00f3n comenz\u00f3 de manera pac\u00edfica, los dirigentes advirtieron que radicalizar\u00e1n sus medidas si sus demandas no son atendidas.<br \/>\n\u201cNo descartamos bloqueos de caminos y marchas hacia Sucre. No vamos a permitir que jueces que no entienden la realidad del pa\u00eds destruyan fuentes de trabajo y alejen la inversi\u00f3n extranjera. \u201cBolivia necesita d\u00f3lares, no decisiones que ahuyenten el capital\u201d, concluy\u00f3 Mollo.<br \/>\nEl conflicto se agrava y amenaza con generar una crisis mayor si las autoridades judiciales no responden a las demandas del sector minero y del transporte pesado, quienes aseguran estar listos para paralizar el pa\u00eds en defensa de sus empleos.<br \/>\n\u00a0<\/p>\n","protected":false},"excerpt":{"rendered":"<p>En un clima de creciente tensi\u00f3n, mineros y transporte pesado se han declarado en estado de emergencia y advierten con movilizaciones y bloqueos si el Tribunal Supremo de Justicia (TSJ) no revisa un fallo que pone en riesgo a m\u00e1s de 100 mil familias que dependen de la cadena productiva del cemento. La sentencia amenaza [&hellip;]<\/p>\n","protected":false},"author":1,"featured_media":0,"comment_status":"","ping_status":"open","sticky":false,"template":"","format":"standard","meta":{"pagelayer_contact_templates":[],"_pagelayer_content":"","footnotes":""},"categories":[22],"tags":[],"class_list":{"0":"post-1082","1":"post","2":"type-post","3":"status-publish","4":"format-standard","6":"category-social"},"_links":{"self":[{"href":"https:\/\/jms.com.bo\/mediamonitorbo\/wp-json\/wp\/v2\/posts\/1082","targetHints":{"allow":["GET"]}}],"collection":[{"href":"https:\/\/jms.com.bo\/mediamonitorbo\/wp-json\/wp\/v2\/posts"}],"about":[{"href":"https:\/\/jms.com.bo\/mediamonitorbo\/wp-json\/wp\/v2\/types\/post"}],"author":[{"embeddable":true,"href":"https:\/\/jms.com.bo\/mediamonitorbo\/wp-json\/wp\/v2\/users\/1"}],"replies":[{"embeddable":true,"href":"https:\/\/jms.com.bo\/mediamonitorbo\/wp-json\/wp\/v2\/comments?post=1082"}],"version-history":[{"count":0,"href":"https:\/\/jms.com.bo\/mediamonitorbo\/wp-json\/wp\/v2\/posts\/1082\/revisions"}],"wp:attachment":[{"href":"https:\/\/jms.com.bo\/mediamonitorbo\/wp-json\/wp\/v2\/media?parent=1082"}],"wp:term":[{"taxonomy":"category","embeddable":true,"href":"https:\/\/jms.com.bo\/mediamonitorbo\/wp-json\/wp\/v2\/categories?post=1082"},{"taxonomy":"post_tag","embeddable":true,"href":"https:\/\/jms.com.bo\/mediamonitorbo\/wp-json\/wp\/v2\/tags?post=1082"}],"curies":[{"name":"wp","href":"https:\/\/api.w.org\/{rel}","templated":true}]}}