{"id":1097,"date":"2025-02-27T06:59:49","date_gmt":"2025-02-27T10:59:49","guid":{"rendered":"https:\/\/jms.com.bo\/mediamonitorbo\/2025\/02\/27\/ylb-defiende-impacto-ambiental-del-proyecto-de-litio-en-el-salar-de-uyuni\/"},"modified":"2025-02-27T06:59:49","modified_gmt":"2025-02-27T10:59:49","slug":"ylb-defiende-impacto-ambiental-del-proyecto-de-litio-en-el-salar-de-uyuni","status":"publish","type":"post","link":"https:\/\/jms.com.bo\/mediamonitorbo\/2025\/02\/27\/ylb-defiende-impacto-ambiental-del-proyecto-de-litio-en-el-salar-de-uyuni\/","title":{"rendered":"YLB defiende impacto ambiental del proyecto de litio en el Salar de Uyuni"},"content":{"rendered":"<p>En medio de la controversia generada por las observaciones de organizaciones ambientales sobre el impacto del proyecto de industrializaci\u00f3n del litio en el Salar de Uyuni, el gerente sectorial de Ingenier\u00eda y Proyectos de Yacimientos de Litio Bolivianos (YLB), Ren\u00e9 Salinas, desestim\u00f3 las afirmaciones de un posible desabastecimiento de agua en la regi\u00f3n. En una entrevista con el programa Dinero 360 de EL DEBER Radio, Salinas asegur\u00f3 que la informaci\u00f3n difundida carece de sustento t\u00e9cnico y responde a una desinformaci\u00f3n sistem\u00e1tica.<br \/>\n\u00abLamento mucho que las apreciaciones de algunos sectores est\u00e9n fuera de lo que dicen los contratos y que se est\u00e9 desinformando a la ciudadan\u00eda. Los proyectos est\u00e1n sujetos a una categor\u00eda ambiental y a estudios de impacto que incluyen medidas de mitigaci\u00f3n y seguimiento continuo\u00bb, afirm\u00f3 Salinas.<br \/>\nSeg\u00fan el representante de YLB, la aprobaci\u00f3n de estos proyectos sigue una rigurosa evaluaci\u00f3n ambiental, establecida en la ley 1333 y supervisada por el Ministerio de Medio Ambiente y Agua. Explic\u00f3 que los estudios de impacto ambiental identifican los posibles efectos en la zona, las medidas de mitigaci\u00f3n necesarias y un plan de monitoreo continuo para garantizar el cumplimiento de normativas.<br \/>\nConsumo de agua en el proyecto<br \/>\nUno de los principales puntos de discusi\u00f3n ha sido el consumo de agua de las plantas de extracci\u00f3n de litio. Salinas detall\u00f3 que la recarga de agua dulce en la regi\u00f3n proviene de cuatro cuencas principales (Cieneguillas, R\u00edo Grande, San Jer\u00f3nimo y Huasa Juliaca) con un caudal de recarga de aproximadamente 35 millones de metros c\u00fabicos anuales. Mientras que el consumo de las tres plantas proyectadas sumar\u00eda 3.8 millones de metros c\u00fabicos al a\u00f1o.<br \/>\n\u00abEstamos consumiendo el 10% de la recarga de agua dulce disponible en la zona. No estamos poniendo en riesgo el abastecimiento para las comunidades\u00bb, aclar\u00f3 Salinas, comparando que el consumo anual del departamento de Potos\u00ed ronda los 34 millones de metros c\u00fabicos.<br \/>\nExplic\u00f3 que el agua utilizada en el proceso proviene de fuentes subterr\u00e1neas y no del mismo salar. \u00abNo extraemos agua directamente del salar, sino de acu\u00edferos subterr\u00e1neos previamente estudiados para garantizar que su explotaci\u00f3n sea sostenible\u00bb, a\u00f1adi\u00f3.<br \/>\nAgreg\u00f3 que \u201cde 100 litros que llueve y se infiltra al acu\u00edfero, el 10% ser\u00e1 consumido por las tres plantas, no del caudal del acu\u00edfero, sino del caudal de lluvia que se infiltra, entonces, lo que llueve dentro del \u00e1rea completa de estas cuatro cuencas se va a consumir el 10%, o sea 10 litros de los 100 se va a consumir para las plantas\u201d, dijo.<br \/>\nAdem\u00e1s, mencion\u00f3 que el sistema de evaporaci\u00f3n de la salmuera es el principal mecanismo de extracci\u00f3n del litio, lo que minimiza el uso de agua en comparaci\u00f3n con otros m\u00e9todos industriales.<br \/>\nManejo de residuos<br \/>\nSobre el manejo de residuos, Salinas indic\u00f3 que la salmuera utilizada en la extracci\u00f3n de litio se reinyectar\u00e1 en el salar, una t\u00e9cnica recomendada por la Comisi\u00f3n Econ\u00f3mica para Am\u00e9rica Latina y el Caribe (CEPAL) para mantener el equilibrio del acu\u00edfero. Adem\u00e1s, adelant\u00f3 que se construir\u00e1 una planta de tratamiento de aguas industriales para garantizar que cualquier vertido cumpla con las normativas ambientales.<br \/>\nSalinas tambi\u00e9n abord\u00f3 la situaci\u00f3n del mercado del litio, afirmando que actualmente existe una sobreoferta del mineral, lo que mantiene su precio bajo. Sin embargo, asegur\u00f3 que la demanda aumentar\u00e1 significativamente entre 2028 y 2029, y que Bolivia debe avanzar con sus proyectos para no perder esta oportunidad econ\u00f3mica.<br \/>\n\u00abSi no entramos ahora a construir nuestras plantas, perderemos el impulso del mercado. Para 2035, el 70% del parque automotor en Europa ser\u00e1 el\u00e9ctrico, lo que representar\u00e1 una gran demanda de litio\u00bb, sostuvo.<br \/>\nFinalmente, Salinas destac\u00f3 la importancia de la socializaci\u00f3n del proyecto y pidi\u00f3 a la poblaci\u00f3n informarse a trav\u00e9s de los documentos t\u00e9cnicos disponibles para evitar interpretaciones err\u00f3neas sobre el impacto ambiental del proyecto.<\/p>\n","protected":false},"excerpt":{"rendered":"<p>En medio de la controversia generada por las observaciones de organizaciones ambientales sobre el impacto del proyecto de industrializaci\u00f3n del litio en el Salar de Uyuni, el gerente sectorial de Ingenier\u00eda y Proyectos de Yacimientos de Litio Bolivianos (YLB), Ren\u00e9 Salinas, desestim\u00f3 las afirmaciones de un posible desabastecimiento de agua en la regi\u00f3n. En una [&hellip;]<\/p>\n","protected":false},"author":1,"featured_media":1098,"comment_status":"","ping_status":"open","sticky":false,"template":"","format":"standard","meta":{"pagelayer_contact_templates":[],"_pagelayer_content":"","footnotes":""},"categories":[18],"tags":[],"class_list":{"0":"post-1097","1":"post","2":"type-post","3":"status-publish","4":"format-standard","5":"has-post-thumbnail","7":"category-energia"},"_links":{"self":[{"href":"https:\/\/jms.com.bo\/mediamonitorbo\/wp-json\/wp\/v2\/posts\/1097","targetHints":{"allow":["GET"]}}],"collection":[{"href":"https:\/\/jms.com.bo\/mediamonitorbo\/wp-json\/wp\/v2\/posts"}],"about":[{"href":"https:\/\/jms.com.bo\/mediamonitorbo\/wp-json\/wp\/v2\/types\/post"}],"author":[{"embeddable":true,"href":"https:\/\/jms.com.bo\/mediamonitorbo\/wp-json\/wp\/v2\/users\/1"}],"replies":[{"embeddable":true,"href":"https:\/\/jms.com.bo\/mediamonitorbo\/wp-json\/wp\/v2\/comments?post=1097"}],"version-history":[{"count":0,"href":"https:\/\/jms.com.bo\/mediamonitorbo\/wp-json\/wp\/v2\/posts\/1097\/revisions"}],"wp:featuredmedia":[{"embeddable":true,"href":"https:\/\/jms.com.bo\/mediamonitorbo\/wp-json\/wp\/v2\/media\/1098"}],"wp:attachment":[{"href":"https:\/\/jms.com.bo\/mediamonitorbo\/wp-json\/wp\/v2\/media?parent=1097"}],"wp:term":[{"taxonomy":"category","embeddable":true,"href":"https:\/\/jms.com.bo\/mediamonitorbo\/wp-json\/wp\/v2\/categories?post=1097"},{"taxonomy":"post_tag","embeddable":true,"href":"https:\/\/jms.com.bo\/mediamonitorbo\/wp-json\/wp\/v2\/tags?post=1097"}],"curies":[{"name":"wp","href":"https:\/\/api.w.org\/{rel}","templated":true}]}}