{"id":1099,"date":"2025-02-27T06:58:18","date_gmt":"2025-02-27T10:58:18","guid":{"rendered":"https:\/\/jms.com.bo\/mediamonitorbo\/2025\/02\/27\/expertos-dicen-que-crecimiento-del-pais-no-refleja-la-realidad-economica\/"},"modified":"2025-02-27T06:58:18","modified_gmt":"2025-02-27T10:58:18","slug":"expertos-dicen-que-crecimiento-del-pais-no-refleja-la-realidad-economica","status":"publish","type":"post","link":"https:\/\/jms.com.bo\/mediamonitorbo\/2025\/02\/27\/expertos-dicen-que-crecimiento-del-pais-no-refleja-la-realidad-economica\/","title":{"rendered":"Expertos dicen que crecimiento del pa\u00eds no refleja la realidad econ\u00f3mica"},"content":{"rendered":"<p>La C\u00e1mara de Exportadores de Santa Cruz (Cadex) sugiri\u00f3 que se deber\u00edan revisar los datos difundidos por el Instituto Nacional de Estad\u00edsticas (INE) del Producto Interno Bruto (PIB) y el crecimiento hasta el tercer trimestre de 2024, puesto que, seg\u00fan su lectura, no reflejar\u00edan la realidad econ\u00f3mica del pa\u00eds.<br \/>\n\u201cLa poblaci\u00f3n es la que debe ver c\u00f3mo se refleja este crecimiento, hay menos d\u00f3lares, menos exportaciones, menos producci\u00f3n, no hay combustible y realmente no creo que hayamos tenido un crecimiento\u201d, alert\u00f3 el presidente de la Cadex, Osvaldo Rodr\u00edguez, a la Red Uno.<br \/>\nPor su parte, el economista Rudy Sanguino asegur\u00f3 que las cifras reflejan lo que actualmente se vive en la econom\u00eda, como la escasez de alimentos, la subida de precios, el desempleo y el cierre de empresas. Por esta raz\u00f3n, advierte que 2025 traer\u00e1 consecuencias a\u00fan m\u00e1s graves.<br \/>\n\u201cCuando el Gobierno proyect\u00f3 el crecimiento del PIB en el presupuesto 2024, ten\u00eda establecido crecer al 3,61%. Es decir, se ha crecido 1,5% menos y es muy probable que los datos puedan variar, dado que falta la medici\u00f3n de los meses de octubre y noviembre. El problema actual es que el Gobierno no tiene una medida que pueda aplicar y vislumbrar un mejor futuro\u201d, afirm\u00f3 el economista.<br \/>\nA su vez, el economista Gonzalo Ch\u00e1vez advirti\u00f3 en Unitel que el crecimiento se est\u00e1 achicando y se prev\u00e9 que no se alcancen las proyecciones del Gobierno nacional. \u201cEl PIB, que mide la riqueza de un pa\u00eds en un a\u00f1o, est\u00e1 en un flanco proceso de desaceleraci\u00f3n. Para ponerlo de manera gr\u00e1fica, el PIB se est\u00e1 achicando y se aproxima a las proyecciones que ha hecho el Banco Mundial y el FMI\u201d, precis\u00f3 el economista.<br \/>\nPara el economista Fernando Romero, la cifra presentada por el INE no refleja el crecimiento econ\u00f3mico neto del 2024, sino solo un comparativo interanual. Se estima que el crecimiento de la anterior gesti\u00f3n, no llego ni cercano al 3,71%, la cual fue la meta gubernamental planificada.<\/p>\n","protected":false},"excerpt":{"rendered":"<p>La C\u00e1mara de Exportadores de Santa Cruz (Cadex) sugiri\u00f3 que se deber\u00edan revisar los datos difundidos por el Instituto Nacional de Estad\u00edsticas (INE) del Producto Interno Bruto (PIB) y el crecimiento hasta el tercer trimestre de 2024, puesto que, seg\u00fan su lectura, no reflejar\u00edan la realidad econ\u00f3mica del pa\u00eds. \u201cLa poblaci\u00f3n es la que debe [&hellip;]<\/p>\n","protected":false},"author":1,"featured_media":1100,"comment_status":"","ping_status":"open","sticky":false,"template":"","format":"standard","meta":{"pagelayer_contact_templates":[],"_pagelayer_content":"","footnotes":""},"categories":[19,29,24],"tags":[],"class_list":{"0":"post-1099","1":"post","2":"type-post","3":"status-publish","4":"format-standard","5":"has-post-thumbnail","7":"category-economia","8":"category-portada-economia","9":"category-portada-general-sitio"},"_links":{"self":[{"href":"https:\/\/jms.com.bo\/mediamonitorbo\/wp-json\/wp\/v2\/posts\/1099","targetHints":{"allow":["GET"]}}],"collection":[{"href":"https:\/\/jms.com.bo\/mediamonitorbo\/wp-json\/wp\/v2\/posts"}],"about":[{"href":"https:\/\/jms.com.bo\/mediamonitorbo\/wp-json\/wp\/v2\/types\/post"}],"author":[{"embeddable":true,"href":"https:\/\/jms.com.bo\/mediamonitorbo\/wp-json\/wp\/v2\/users\/1"}],"replies":[{"embeddable":true,"href":"https:\/\/jms.com.bo\/mediamonitorbo\/wp-json\/wp\/v2\/comments?post=1099"}],"version-history":[{"count":0,"href":"https:\/\/jms.com.bo\/mediamonitorbo\/wp-json\/wp\/v2\/posts\/1099\/revisions"}],"wp:featuredmedia":[{"embeddable":true,"href":"https:\/\/jms.com.bo\/mediamonitorbo\/wp-json\/wp\/v2\/media\/1100"}],"wp:attachment":[{"href":"https:\/\/jms.com.bo\/mediamonitorbo\/wp-json\/wp\/v2\/media?parent=1099"}],"wp:term":[{"taxonomy":"category","embeddable":true,"href":"https:\/\/jms.com.bo\/mediamonitorbo\/wp-json\/wp\/v2\/categories?post=1099"},{"taxonomy":"post_tag","embeddable":true,"href":"https:\/\/jms.com.bo\/mediamonitorbo\/wp-json\/wp\/v2\/tags?post=1099"}],"curies":[{"name":"wp","href":"https:\/\/api.w.org\/{rel}","templated":true}]}}