{"id":1134,"date":"2025-02-26T07:43:02","date_gmt":"2025-02-26T11:43:02","guid":{"rendered":"https:\/\/jms.com.bo\/mediamonitorbo\/2025\/02\/26\/crecimiento-economico-del-pais-se-desacelera-y-alcanza-el-214\/"},"modified":"2025-02-26T07:43:02","modified_gmt":"2025-02-26T11:43:02","slug":"crecimiento-economico-del-pais-se-desacelera-y-alcanza-el-214","status":"publish","type":"post","link":"https:\/\/jms.com.bo\/mediamonitorbo\/2025\/02\/26\/crecimiento-economico-del-pais-se-desacelera-y-alcanza-el-214\/","title":{"rendered":"Crecimiento econ\u00f3mico del pa\u00eds se desacelera y alcanza el 2,14%"},"content":{"rendered":"<p>La econom\u00eda boliviana marc\u00f3 un crecimiento del 2,14% entre enero y septiembre de 2024, lo que representa una disminuci\u00f3n en comparaci\u00f3n con la tasa de crecimiento del mismo periodo del 2023, cuando alcanz\u00f3 un 2,31%.<br \/>\n\u201cAl tercer trimestre de 2024 se registr\u00f3 una tasa de crecimiento acumulada del 2,14%\u201d, inform\u00f3 este martes el director del INE, Humberto Arandia, en una conferencia de prensa.<br \/>\nLa cifra no solo es menor a la del segundo trimestre del a\u00f1o pasado (2,58%), sino tambi\u00e9n a la de los primeros nueve meses del 2023 (2,31%).<br \/>\nDe acuerdo con los datos presentados por Arandia, la disminuci\u00f3n en el crecimiento del PIB se debe a una reducci\u00f3n en los ingresos de actividades que, un trimestre anterior, hab\u00edan sido claves.<br \/>\nUno de esos rubros fue la construcci\u00f3n que, pese a que sigue creciendo, lo hace a \u201cun menor ritmo\u201d. El director del INE se\u00f1al\u00f3 que hubo una reducci\u00f3n en la venta de cemento en Santa Cruz, pero en La Paz el sector logr\u00f3 consolidarse.<br \/>\nResponsabiliza del bajo crecimiento a la salida de la producci\u00f3n pecuaria a pa\u00edses vecinos porque tienen precios m\u00e1s altos: la carne en Argentina, Chile y Per\u00fa se vende m\u00e1s cara y eso hace que salga por v\u00edas ilegales, provocando el encarecimiento en el mercado interno, sostuvo.<br \/>\nAdem\u00e1s, Arandia informo que el PIB per c\u00e1pita del a\u00f1o 1990 hasta el a\u00f1o 2004, a pesar de m\u00faltiples reformas, estuvo plano en los 1.000 d\u00f3lares por habitante; posteriormente, hasta el 2023 fue de casi 3.500 d\u00f3lares por persona, denotando una mejor situaci\u00f3n econ\u00f3mica, seg\u00fan sus palabras.<\/p>\n","protected":false},"excerpt":{"rendered":"<p>La econom\u00eda boliviana marc\u00f3 un crecimiento del 2,14% entre enero y septiembre de 2024, lo que representa una disminuci\u00f3n en comparaci\u00f3n con la tasa de crecimiento del mismo periodo del 2023, cuando alcanz\u00f3 un 2,31%. \u201cAl tercer trimestre de 2024 se registr\u00f3 una tasa de crecimiento acumulada del 2,14%\u201d, inform\u00f3 este martes el director del [&hellip;]<\/p>\n","protected":false},"author":1,"featured_media":0,"comment_status":"","ping_status":"open","sticky":false,"template":"","format":"standard","meta":{"pagelayer_contact_templates":[],"_pagelayer_content":"","footnotes":""},"categories":[19],"tags":[],"class_list":{"0":"post-1134","1":"post","2":"type-post","3":"status-publish","4":"format-standard","6":"category-economia"},"_links":{"self":[{"href":"https:\/\/jms.com.bo\/mediamonitorbo\/wp-json\/wp\/v2\/posts\/1134","targetHints":{"allow":["GET"]}}],"collection":[{"href":"https:\/\/jms.com.bo\/mediamonitorbo\/wp-json\/wp\/v2\/posts"}],"about":[{"href":"https:\/\/jms.com.bo\/mediamonitorbo\/wp-json\/wp\/v2\/types\/post"}],"author":[{"embeddable":true,"href":"https:\/\/jms.com.bo\/mediamonitorbo\/wp-json\/wp\/v2\/users\/1"}],"replies":[{"embeddable":true,"href":"https:\/\/jms.com.bo\/mediamonitorbo\/wp-json\/wp\/v2\/comments?post=1134"}],"version-history":[{"count":0,"href":"https:\/\/jms.com.bo\/mediamonitorbo\/wp-json\/wp\/v2\/posts\/1134\/revisions"}],"wp:attachment":[{"href":"https:\/\/jms.com.bo\/mediamonitorbo\/wp-json\/wp\/v2\/media?parent=1134"}],"wp:term":[{"taxonomy":"category","embeddable":true,"href":"https:\/\/jms.com.bo\/mediamonitorbo\/wp-json\/wp\/v2\/categories?post=1134"},{"taxonomy":"post_tag","embeddable":true,"href":"https:\/\/jms.com.bo\/mediamonitorbo\/wp-json\/wp\/v2\/tags?post=1134"}],"curies":[{"name":"wp","href":"https:\/\/api.w.org\/{rel}","templated":true}]}}