{"id":1142,"date":"2025-02-26T07:30:30","date_gmt":"2025-02-26T11:30:30","guid":{"rendered":"https:\/\/jms.com.bo\/mediamonitorbo\/2025\/02\/26\/pasaje-sube-a-bs-24-alcaldia-de-la-paz-fija-nuevas-tarifas-y-choferes-suspenden-el-paro\/"},"modified":"2025-02-26T07:30:30","modified_gmt":"2025-02-26T11:30:30","slug":"pasaje-sube-a-bs-24-alcaldia-de-la-paz-fija-nuevas-tarifas-y-choferes-suspenden-el-paro","status":"publish","type":"post","link":"https:\/\/jms.com.bo\/mediamonitorbo\/2025\/02\/26\/pasaje-sube-a-bs-24-alcaldia-de-la-paz-fija-nuevas-tarifas-y-choferes-suspenden-el-paro\/","title":{"rendered":"Pasaje sube a Bs 2,4; Alcald\u00eda de La Paz fija nuevas tarifas y choferes suspenden el paro"},"content":{"rendered":"<p>El alcalde de La Paz, Iv\u00e1n Arias, fij\u00f3 las nuevas tarifas para el transporte p\u00fablico en minibuses mediante la Resoluci\u00f3n Ejecutiva 119. La medida establece un pasaje de Bs 2,4 para el tramo corto, 10 centavos menos de lo solicitado por los sindicatos de transportistas. La resoluci\u00f3n entra en vigencia a partir de este mi\u00e9rcoles y estar\u00e1 acompa\u00f1ada por la Resoluci\u00f3n Ejecutiva 120, que detalla las sanciones para los conductores que incumplan la normativa.<br \/>\n\u00abLos grupos radicales se han impuesto y los choferes quieren llevar a la confrontaci\u00f3n. Por eso voy a firmar la Resoluci\u00f3n Ejecutiva 119 de tarifas y la Resoluci\u00f3n Ejecutiva 120, que establece sanciones. Pedimos al transporte que levante su paro y bloqueo, porque a partir de ma\u00f1ana hay una nueva tarifa. Todo conductor que bloquee recibir\u00e1 sanciones severas\u00bb, afirm\u00f3 Arias.<br \/>\nEl burgomaestre destac\u00f3 que, tras diversas reuniones, se logr\u00f3 consensuar una tarifa especial para escolares, adultos mayores y personas con discapacidad. Asimismo, anunci\u00f3 que en un lapso de dos a tres meses se implementar\u00e1 el control por GPS para erradicar el \u00abtrameaje\u00bb, advirtiendo que los infractores podr\u00e1n perder su licencia de ruta y su pertenencia al sindicato o asociaci\u00f3n de transportistas.<br \/>\nLimbert Tancara, dirigente del transporte libre, fue quien anunci\u00f3 el paro este martes al medio d\u00eda y por la noche declar\u00f3 a Br\u00fajula Digital que se suspend\u00edan las medidas de presi\u00f3n previstas para el mi\u00e9rcoles y jueves. \u201cYa no habr\u00e1 bloqueo, pero vamos a pedir a la Alcald\u00eda que anulen todas las boletas que emitieron estos dos d\u00edas y liberen a las personas arrestadas\u201d.<br \/>\nPor su parte, el director de Movilidad del Gobierno Aut\u00f3nomo Municipal de La Paz (GAMLP), Luis Oliden, explic\u00f3 que la definici\u00f3n de tarifas se bas\u00f3 en un estudio t\u00e9cnico realizado desde noviembre, con el objetivo de transformar estructuralmente el transporte p\u00fablico en la ciudad.<br \/>\nNuevas tarifas del transporte p\u00fablico en La Paz:<br \/>\nMicros:<br \/>\n\u2022 Tramo corto: Bs 1,80<br \/>\n\u2022 Tramo largo (pasando la curva del Olgu\u00edn): Bs 2<br \/>\n\u2022 Tarifa diferenciada para adultos mayores, personas con discapacidad y escolares: Bs 1<br \/>\nMinibuses:<br \/>\n\u2022 Tramo corto: Bs 2,4<br \/>\n\u2022 Tramo largo (pasando la curva del Olgu\u00edn): Bs 3<br \/>\n\u2022 Desde las 21:00:<br \/>\nTramo corto: Bs 2,5<br \/>\nTramo largo: Bs 3,20<br \/>\n\u2022 Tarifa diferenciada:<br \/>\nTramo corto: Bs 2<br \/>\nTramo largo: Bs 2,6<br \/>\nTrufis:<br \/>\n\u2022 Tramo zonal: Bs 2,5<br \/>\n\u2022 Tramo corto: Bs 2,8<br \/>\n\u2022 Tramo largo: Bs 3,3<br \/>\n\u2022 Tramo extra largo: Bs 3,5<br \/>\n\u2022 Desde las 21:00, incremento de Bs 0,50 en cada tramo<\/p>\n","protected":false},"excerpt":{"rendered":"<p>El alcalde de La Paz, Iv\u00e1n Arias, fij\u00f3 las nuevas tarifas para el transporte p\u00fablico en minibuses mediante la Resoluci\u00f3n Ejecutiva 119. La medida establece un pasaje de Bs 2,4 para el tramo corto, 10 centavos menos de lo solicitado por los sindicatos de transportistas. La resoluci\u00f3n entra en vigencia a partir de este mi\u00e9rcoles [&hellip;]<\/p>\n","protected":false},"author":1,"featured_media":0,"comment_status":"","ping_status":"open","sticky":false,"template":"","format":"standard","meta":{"pagelayer_contact_templates":[],"_pagelayer_content":"","footnotes":""},"categories":[21],"tags":[],"class_list":{"0":"post-1142","1":"post","2":"type-post","3":"status-publish","4":"format-standard","6":"category-actualidad"},"_links":{"self":[{"href":"https:\/\/jms.com.bo\/mediamonitorbo\/wp-json\/wp\/v2\/posts\/1142","targetHints":{"allow":["GET"]}}],"collection":[{"href":"https:\/\/jms.com.bo\/mediamonitorbo\/wp-json\/wp\/v2\/posts"}],"about":[{"href":"https:\/\/jms.com.bo\/mediamonitorbo\/wp-json\/wp\/v2\/types\/post"}],"author":[{"embeddable":true,"href":"https:\/\/jms.com.bo\/mediamonitorbo\/wp-json\/wp\/v2\/users\/1"}],"replies":[{"embeddable":true,"href":"https:\/\/jms.com.bo\/mediamonitorbo\/wp-json\/wp\/v2\/comments?post=1142"}],"version-history":[{"count":0,"href":"https:\/\/jms.com.bo\/mediamonitorbo\/wp-json\/wp\/v2\/posts\/1142\/revisions"}],"wp:attachment":[{"href":"https:\/\/jms.com.bo\/mediamonitorbo\/wp-json\/wp\/v2\/media?parent=1142"}],"wp:term":[{"taxonomy":"category","embeddable":true,"href":"https:\/\/jms.com.bo\/mediamonitorbo\/wp-json\/wp\/v2\/categories?post=1142"},{"taxonomy":"post_tag","embeddable":true,"href":"https:\/\/jms.com.bo\/mediamonitorbo\/wp-json\/wp\/v2\/tags?post=1142"}],"curies":[{"name":"wp","href":"https:\/\/api.w.org\/{rel}","templated":true}]}}