{"id":1143,"date":"2025-02-26T07:29:01","date_gmt":"2025-02-26T11:29:01","guid":{"rendered":"https:\/\/jms.com.bo\/mediamonitorbo\/2025\/02\/26\/cooperativas-auriferas-del-norte-paceno-se-declaran-en-emergencia-por-falta-de-diesel\/"},"modified":"2025-02-26T07:29:01","modified_gmt":"2025-02-26T11:29:01","slug":"cooperativas-auriferas-del-norte-paceno-se-declaran-en-emergencia-por-falta-de-diesel","status":"publish","type":"post","link":"https:\/\/jms.com.bo\/mediamonitorbo\/2025\/02\/26\/cooperativas-auriferas-del-norte-paceno-se-declaran-en-emergencia-por-falta-de-diesel\/","title":{"rendered":"Cooperativas aur\u00edferas del norte pace\u00f1o se declaran en emergencia por falta de di\u00e9sel"},"content":{"rendered":"<p>Efra\u00edn Silva, presidente de la Federaci\u00f3n de Cooperativas Mineras Aur\u00edferas del Norte de La Paz (Fecoman), inform\u00f3 este martes que su sector se declar\u00f3 en estado de emergencia por la falta de di\u00e9sel, situaci\u00f3n que hizo que unas 200 cooperativas paralicen sus actividades.<br \/>\n\u201cMi sector ha sido discriminado, lamentablemente vamos peregrinando hace dos o tres semanas por di\u00e9sel. Somos m\u00e1s de 200 cooperativas que estamos afectadas por la falta de di\u00e9sel\u201d, declar\u00f3 el dirigente del sector minero cooperativista en una conferencia de prensa.<br \/>\nSilva advirti\u00f3 que su sector est\u00e1 listo para salir a las calles en protesta por la provisi\u00f3n de di\u00e9sel, ya que el perjuicio que tienen es grande, pues no pueden trabajar con maquinaria.<br \/>\nEl dirigente neg\u00f3 que su sector asuma una posici\u00f3n pol\u00edtica. \u201c(El estado de emergencia) no tiene color pol\u00edtico, es por necesidad, nuestras cooperativas ya no est\u00e1n trabajando\u201d, declar\u00f3.<br \/>\nEn este caso, afirm\u00f3 que la dirigencia se siente rebasada por las bases que est\u00e1n molestas por la falta de combustible para explotar oro.<\/p>\n","protected":false},"excerpt":{"rendered":"<p>Efra\u00edn Silva, presidente de la Federaci\u00f3n de Cooperativas Mineras Aur\u00edferas del Norte de La Paz (Fecoman), inform\u00f3 este martes que su sector se declar\u00f3 en estado de emergencia por la falta de di\u00e9sel, situaci\u00f3n que hizo que unas 200 cooperativas paralicen sus actividades. \u201cMi sector ha sido discriminado, lamentablemente vamos peregrinando hace dos o tres [&hellip;]<\/p>\n","protected":false},"author":1,"featured_media":0,"comment_status":"","ping_status":"open","sticky":false,"template":"","format":"standard","meta":{"pagelayer_contact_templates":[],"_pagelayer_content":"","footnotes":""},"categories":[22],"tags":[],"class_list":{"0":"post-1143","1":"post","2":"type-post","3":"status-publish","4":"format-standard","6":"category-social"},"_links":{"self":[{"href":"https:\/\/jms.com.bo\/mediamonitorbo\/wp-json\/wp\/v2\/posts\/1143","targetHints":{"allow":["GET"]}}],"collection":[{"href":"https:\/\/jms.com.bo\/mediamonitorbo\/wp-json\/wp\/v2\/posts"}],"about":[{"href":"https:\/\/jms.com.bo\/mediamonitorbo\/wp-json\/wp\/v2\/types\/post"}],"author":[{"embeddable":true,"href":"https:\/\/jms.com.bo\/mediamonitorbo\/wp-json\/wp\/v2\/users\/1"}],"replies":[{"embeddable":true,"href":"https:\/\/jms.com.bo\/mediamonitorbo\/wp-json\/wp\/v2\/comments?post=1143"}],"version-history":[{"count":0,"href":"https:\/\/jms.com.bo\/mediamonitorbo\/wp-json\/wp\/v2\/posts\/1143\/revisions"}],"wp:attachment":[{"href":"https:\/\/jms.com.bo\/mediamonitorbo\/wp-json\/wp\/v2\/media?parent=1143"}],"wp:term":[{"taxonomy":"category","embeddable":true,"href":"https:\/\/jms.com.bo\/mediamonitorbo\/wp-json\/wp\/v2\/categories?post=1143"},{"taxonomy":"post_tag","embeddable":true,"href":"https:\/\/jms.com.bo\/mediamonitorbo\/wp-json\/wp\/v2\/tags?post=1143"}],"curies":[{"name":"wp","href":"https:\/\/api.w.org\/{rel}","templated":true}]}}