{"id":1160,"date":"2025-02-25T07:18:53","date_gmt":"2025-02-25T11:18:53","guid":{"rendered":"https:\/\/jms.com.bo\/mediamonitorbo\/2025\/02\/25\/gremios-de-brasil-reclaman-la-inclusion-de-la-fotovoltaica-y-eolica-en-la-subasta-de-nueva-energia-a-5-de-2025\/"},"modified":"2025-02-25T07:18:53","modified_gmt":"2025-02-25T11:18:53","slug":"gremios-de-brasil-reclaman-la-inclusion-de-la-fotovoltaica-y-eolica-en-la-subasta-de-nueva-energia-a-5-de-2025","status":"publish","type":"post","link":"https:\/\/jms.com.bo\/mediamonitorbo\/2025\/02\/25\/gremios-de-brasil-reclaman-la-inclusion-de-la-fotovoltaica-y-eolica-en-la-subasta-de-nueva-energia-a-5-de-2025\/","title":{"rendered":"Gremios de Brasil reclaman la inclusi\u00f3n de la fotovoltaica y e\u00f3lica en la Subasta de Nueva Energ\u00eda A-5 de 2025"},"content":{"rendered":"<p>La semana pasada, el Ministerio de Minas y Energ\u00eda (MME) de Brasil prorrog\u00f3 la Subasta de Nueva Energ\u00eda A-5 hasta el viernes 22 de agosto (inicialmente estaba pautada para el 25 de julio) y reabri\u00f3 el proceso de inscripci\u00f3n de proyectos.<br \/>\nSi bien la convocatoria s\u00f3lo habilit\u00f3 a participar a proyectos hidroel\u00e9ctricos de 1 a 50 MW de potencia (nuevos o ampliaci\u00f3n de centrales existentes), desde el sector renovable solicitan que el gobierno tambi\u00e9n permita la competencia de las tecnolog\u00edas solar y e\u00f3lica.<br \/>\nLa Asociaci\u00f3n Brasile\u00f1a de Energ\u00eda Solar Fotovoltaica (ABSOLAR) envi\u00f3 una carta al ministro de Minas y Energ\u00eda, Alexandre Silveira, destacando la \u201cnecesidad\u201d de garantizar la igualdad entre las fuentes de generaci\u00f3n, reforzar la competitividad e incentivar la reducci\u00f3n del precio final al consumidor.<br \/>\n\u201cLa inclusi\u00f3n de la fotovoltaica en la subasta aumenta la competitividad entre las tecnolog\u00edas participantes , aportando m\u00e1s competitividad a las licitaciones, lo que puede traer tarifas m\u00e1s baratas para la poblaci\u00f3n\u201d, sostuvo la directora t\u00e9cnico-regulatoria de ABSOLAR, Talita Porto.<br \/>\n\u201cSer\u00eda crucial promover la sostenibilidad y tarifas asequibles, adem\u00e1s de impulsar la generaci\u00f3n de empleos verdes, fortalecer la econom\u00eda y la seguridad del suministro el\u00e9ctrico en Brasil\u201d, afirm\u00f3 el presidente ejecutivo de ABSOLAR, Rodrigo Sauaia.<br \/>\nPor el lado de la Asociaci\u00f3n Brasile\u00f1a de Energ\u00eda E\u00f3lica y Nuevas Tecnolog\u00edas (ABEE\u00f3lica), tambi\u00e9n se contactar\u00e1n con la entidad encargada de la cartera energ\u00e9tica nacional por el mismo motivo, a fin de incentivar la demanda de nuevos proyectos de generaci\u00f3n.<br \/>\n\u201cHemos hecho los c\u00e1lculos y puede haber una demanda razonable, por eso vamos a pedir al Ministerio que entre en la A-5\u201d, inform\u00f3 Elbia Gannoum, presidenta ejecutiva de ABEE\u00f3lica, a trav\u00e9s de sus redes sociales al referirse a la crisis a la que se enfrenta el sector y la b\u00fasqueda de nuevas demandas.<br \/>\nCabe recordar que el inicio del suministro de energ\u00eda el\u00e9ctrica a clientes regulados comenzar\u00e1 el 1 de enero de 2030, por un per\u00edodo de 20 a\u00f1os. Mientras que la ordenanza normativa GM\/MME N\u00b0 95 determin\u00f3 que se deber\u00e1 negociar al menos el 30% de la energ\u00eda calificada de los proyectos de generaci\u00f3n.<br \/>\nAdem\u00e1s, el aumento de los data centers en Brasil tambi\u00e9n se posiciona como una alternativa para materializar nuevos contratos PPA y que a futuro se construyan m\u00e1s parques e\u00f3licos y solares, como tambi\u00e9n proyectos de hidr\u00f3geno verde, amoniaco y e\u00f3lica marina.<br \/>\n\u201cEstamos iniciando un movimiento para despegar [y] se empiezan a firmar contratos, pero esto tendr\u00e1 efecto en dos a\u00f1os\u201d, coment\u00f3 Gannoum.<br \/>\nAntecedentes de la convocatoria<br \/>\nDe concretarse la subasta, el gobierno retomar\u00e1 las licitaciones de nueva energ\u00eda tras casi tres a\u00f1os desde la \u00faltima convocatoria exitosa, en la que se adjudicaron 22 proyectos renovables por 557,45 MW de capacidad a instalar hasta el 2027.<br \/>\nEn aquel entonces, hubo tres ganadores e\u00f3licos: Bara\u00fanas IV (41,58 MW), Bara\u00fanas XV (48,51 MW) y AW S\u00c3O JO\u00c3O (25,2 MW), que representan una inversi\u00f3n de R$ 623.870.610 para una garant\u00eda f\u00edsica total de 57,5 MWmed, bajo un precio que va de R$ 175 a R$ 178 (descuento de 17,59% para las dos etapas de Bara\u00fanas y de 36,42% para AW S\u00c3O JO\u00c3O).<br \/>\nMientras que por el lado solar, se adjudicaron 200 MW de potencia en cuatro proyectos, a un precio promedio de R$ 171,41 por MWh, siendo la tecnolog\u00eda m\u00e1s econ\u00f3mica de la convocatoria y repitiendo ese estatus como fuente m\u00e1s barata desde 2019.<br \/>\nAdem\u00e1s, seg\u00fan datos de ABSOLAR, desde 2012, el segmento atrajo m\u00e1s de R$ 72700 millones de nuevas inversiones y m\u00e1s de 510000 empleos verdes; sumado a que las centrales fotovoltaicas utility scale ya operan en todos los estados de Brasil, con liderazgo, en t\u00e9rminos de potencia instalada, en la regi\u00f3n Nordeste, con el 53,09 % de representaci\u00f3n, seguida por la regi\u00f3n Sudeste, con el 45,88 %, Sur, con el 0,47 % , Centro-Oeste (incluido el Distrito Federal), con el 0,29 % y Norte, con el 0,27 %.<\/p>\n","protected":false},"excerpt":{"rendered":"<p>La semana pasada, el Ministerio de Minas y Energ\u00eda (MME) de Brasil prorrog\u00f3 la Subasta de Nueva Energ\u00eda A-5 hasta el viernes 22 de agosto (inicialmente estaba pautada para el 25 de julio) y reabri\u00f3 el proceso de inscripci\u00f3n de proyectos. Si bien la convocatoria s\u00f3lo habilit\u00f3 a participar a proyectos hidroel\u00e9ctricos de 1 a [&hellip;]<\/p>\n","protected":false},"author":1,"featured_media":1161,"comment_status":"","ping_status":"open","sticky":false,"template":"","format":"standard","meta":{"pagelayer_contact_templates":[],"_pagelayer_content":"","footnotes":""},"categories":[18],"tags":[],"class_list":{"0":"post-1160","1":"post","2":"type-post","3":"status-publish","4":"format-standard","5":"has-post-thumbnail","7":"category-energia"},"_links":{"self":[{"href":"https:\/\/jms.com.bo\/mediamonitorbo\/wp-json\/wp\/v2\/posts\/1160","targetHints":{"allow":["GET"]}}],"collection":[{"href":"https:\/\/jms.com.bo\/mediamonitorbo\/wp-json\/wp\/v2\/posts"}],"about":[{"href":"https:\/\/jms.com.bo\/mediamonitorbo\/wp-json\/wp\/v2\/types\/post"}],"author":[{"embeddable":true,"href":"https:\/\/jms.com.bo\/mediamonitorbo\/wp-json\/wp\/v2\/users\/1"}],"replies":[{"embeddable":true,"href":"https:\/\/jms.com.bo\/mediamonitorbo\/wp-json\/wp\/v2\/comments?post=1160"}],"version-history":[{"count":0,"href":"https:\/\/jms.com.bo\/mediamonitorbo\/wp-json\/wp\/v2\/posts\/1160\/revisions"}],"wp:featuredmedia":[{"embeddable":true,"href":"https:\/\/jms.com.bo\/mediamonitorbo\/wp-json\/wp\/v2\/media\/1161"}],"wp:attachment":[{"href":"https:\/\/jms.com.bo\/mediamonitorbo\/wp-json\/wp\/v2\/media?parent=1160"}],"wp:term":[{"taxonomy":"category","embeddable":true,"href":"https:\/\/jms.com.bo\/mediamonitorbo\/wp-json\/wp\/v2\/categories?post=1160"},{"taxonomy":"post_tag","embeddable":true,"href":"https:\/\/jms.com.bo\/mediamonitorbo\/wp-json\/wp\/v2\/tags?post=1160"}],"curies":[{"name":"wp","href":"https:\/\/api.w.org\/{rel}","templated":true}]}}