{"id":1162,"date":"2025-02-25T07:15:34","date_gmt":"2025-02-25T11:15:34","guid":{"rendered":"https:\/\/jms.com.bo\/mediamonitorbo\/2025\/02\/25\/denuncian-que-el-proyecto-mutun-esta-inconcluso-y-el-gobierno-hace-show-con-la-inauguracion\/"},"modified":"2025-02-25T07:15:34","modified_gmt":"2025-02-25T11:15:34","slug":"denuncian-que-el-proyecto-mutun-esta-inconcluso-y-el-gobierno-hace-show-con-la-inauguracion","status":"publish","type":"post","link":"https:\/\/jms.com.bo\/mediamonitorbo\/2025\/02\/25\/denuncian-que-el-proyecto-mutun-esta-inconcluso-y-el-gobierno-hace-show-con-la-inauguracion\/","title":{"rendered":"Denuncian que el proyecto Mut\u00fan est\u00e1 inconcluso y el gobierno hace show con la inauguraci\u00f3n"},"content":{"rendered":"<p>Dirigentes c\u00edvicos y pol\u00edticos opositores denunciaron que el complejo sider\u00fargico del Mut\u00fan (Puerto Su\u00e1rez, Santa Cruz) a\u00fan no est\u00e1 concluido y por eso consideraron que el gobierno est\u00e1 haciendo un show con fines electorales con la inauguraci\u00f3n realizada este lunes.<br \/>\n\u201cEs una inauguraci\u00f3n pol\u00edtica, y est\u00e1n en su derecho de hace pol\u00edtica, pero que lo hagan con lo suyo, no con lo de todos nosotros\u201d, se\u00f1al\u00f3 Antonio Tudela, dirigente de Puerto Su\u00e1rez y encargado del tema en la gobernaci\u00f3n de Santa Cruz. Agreg\u00f3 que estar\u00e1 pendiente para ver si el gobierno cumple con su promesa de producir entre 3.000 y 5.000 toneladas mensuales en la fase inicial a partir de marzo.<br \/>\n\u201cPuerto Su\u00e1rez, Puerto Quijarro y Carmen Rivero Torrez ser\u00e1n testigos este lunes, de un nuevo show pol\u00edtico, de una puesta en escena para tratar de mostrar una industrializaci\u00f3n de nuestros recursos naturales que es totalmente falsa\u201d , remarc\u00f3 la diputada Mar\u00eda Ren\u00e9 \u00c1lvarez (Creemos).<br \/>\nA\u00f1adi\u00f3 que el complejo inaugurado este lunes no cumple con todos los requisitos t\u00e9cnicos y tampoco se ha transparentado el tema ambienta y de abastecimiento de agua.<br \/>\n\u201cVamos a hacer la segunda fase de este proyecto que es ampliar el duplicar la producci\u00f3n aqu\u00ed en el Mut\u00fan\u201d, dijo el presidente Luis Arce durante el acto de inicio de operaciones este lunes. Seg\u00fan el ministerio de Miner\u00eda el complejo producir\u00e1 unas 200 mil toneladas por a\u00f1o de barras corrugadas y alambr\u00f3n, con lo que esperan disminuir en 50% las importaciones de estos insumos para la construcci\u00f3n. El alambr\u00f3n se utiliza para producir tuercas, tornillos, clavos, volandas y pernos, entre otros productos de gran demanda.<br \/>\nLa obra tuvo un costo de $us 546 millones, que fue financiada por China, el Banco Central de Bolivia (BCB) y un cr\u00e9dito internacional.<br \/>\nMarcelo M\u00e9ndez, presidente de los Comit\u00e9s C\u00edvicos Provinciales, se\u00f1al\u00f3 que la ingenier\u00eda para el abastecimiento de agua para las plantas no est\u00e1 terminado. \u201cNo se puede prender (las plantas),hacer el show, sacarse las fotos y despu\u00e9s de aqu\u00ed a dos o tres d\u00edas apagarlas\u201d, critic\u00f3. Agreg\u00f3 que en los pr\u00f3ximos d\u00edas har\u00e1n una inspecci\u00f3n y en caso de detectar que el complejo no est\u00e1 listo se determinar\u00e1n medidas de presi\u00f3n en esta regi\u00f3n fronteriza con Brasil.<br \/>\nDino Franco, segundo vicepresidente electo del Comit\u00e9 Pro Santa Cruz, exigi\u00f3 la entrega de toda la documentaci\u00f3n para saber si efectivamente el proyecto est\u00e1 o no concluido. Agust\u00edn Zambrana, primer vicepresidente c\u00edvico electo, se\u00f1al\u00f3 incluso que presuntamente hay una deuda que pagar de $us 76 millones con la empresa que construy\u00f3 el complejo, la china Sinosteel.<\/p>\n","protected":false},"excerpt":{"rendered":"<p>Dirigentes c\u00edvicos y pol\u00edticos opositores denunciaron que el complejo sider\u00fargico del Mut\u00fan (Puerto Su\u00e1rez, Santa Cruz) a\u00fan no est\u00e1 concluido y por eso consideraron que el gobierno est\u00e1 haciendo un show con fines electorales con la inauguraci\u00f3n realizada este lunes. \u201cEs una inauguraci\u00f3n pol\u00edtica, y est\u00e1n en su derecho de hace pol\u00edtica, pero que lo [&hellip;]<\/p>\n","protected":false},"author":1,"featured_media":1163,"comment_status":"","ping_status":"open","sticky":false,"template":"","format":"standard","meta":{"pagelayer_contact_templates":[],"_pagelayer_content":"","footnotes":""},"categories":[19,29,24],"tags":[],"class_list":{"0":"post-1162","1":"post","2":"type-post","3":"status-publish","4":"format-standard","5":"has-post-thumbnail","7":"category-economia","8":"category-portada-economia","9":"category-portada-general-sitio"},"_links":{"self":[{"href":"https:\/\/jms.com.bo\/mediamonitorbo\/wp-json\/wp\/v2\/posts\/1162","targetHints":{"allow":["GET"]}}],"collection":[{"href":"https:\/\/jms.com.bo\/mediamonitorbo\/wp-json\/wp\/v2\/posts"}],"about":[{"href":"https:\/\/jms.com.bo\/mediamonitorbo\/wp-json\/wp\/v2\/types\/post"}],"author":[{"embeddable":true,"href":"https:\/\/jms.com.bo\/mediamonitorbo\/wp-json\/wp\/v2\/users\/1"}],"replies":[{"embeddable":true,"href":"https:\/\/jms.com.bo\/mediamonitorbo\/wp-json\/wp\/v2\/comments?post=1162"}],"version-history":[{"count":0,"href":"https:\/\/jms.com.bo\/mediamonitorbo\/wp-json\/wp\/v2\/posts\/1162\/revisions"}],"wp:featuredmedia":[{"embeddable":true,"href":"https:\/\/jms.com.bo\/mediamonitorbo\/wp-json\/wp\/v2\/media\/1163"}],"wp:attachment":[{"href":"https:\/\/jms.com.bo\/mediamonitorbo\/wp-json\/wp\/v2\/media?parent=1162"}],"wp:term":[{"taxonomy":"category","embeddable":true,"href":"https:\/\/jms.com.bo\/mediamonitorbo\/wp-json\/wp\/v2\/categories?post=1162"},{"taxonomy":"post_tag","embeddable":true,"href":"https:\/\/jms.com.bo\/mediamonitorbo\/wp-json\/wp\/v2\/tags?post=1162"}],"curies":[{"name":"wp","href":"https:\/\/api.w.org\/{rel}","templated":true}]}}