{"id":1170,"date":"2025-02-25T07:04:04","date_gmt":"2025-02-25T11:04:04","guid":{"rendered":"https:\/\/jms.com.bo\/mediamonitorbo\/2025\/02\/25\/hay-al-menos-10-mujeres-precandidatas-unas-son-aclamadas-y-otras-ya-se-presentaron\/"},"modified":"2025-02-25T07:04:04","modified_gmt":"2025-02-25T11:04:04","slug":"hay-al-menos-10-mujeres-precandidatas-unas-son-aclamadas-y-otras-ya-se-presentaron","status":"publish","type":"post","link":"https:\/\/jms.com.bo\/mediamonitorbo\/2025\/02\/25\/hay-al-menos-10-mujeres-precandidatas-unas-son-aclamadas-y-otras-ya-se-presentaron\/","title":{"rendered":"Hay al menos 10 mujeres precandidatas; unas son aclamadas y otras ya se presentaron"},"content":{"rendered":"<p>A poco de que inicie el calendario electoral para las elecciones presidenciales, aparecen al menos 10 precandidatas ya sea desde el actual oficialismo como desde la vereda de la oposici\u00f3n. Algunas se presentaron oficialmente, mientras que otras reciben apoyo de su entorno y a\u00fan no hay nada oficial.<br \/>\nEn el oficialismo se barajan al menos seis nombres, seg\u00fan la senadora del ala arcista, Virginia Velasco. \u201cNo se descarta que pueda ser acompa\u00f1ante como vice o como presidenta (\u2026) considero que las mujeres apuestan por la econom\u00eda del pa\u00eds, apuestan por la unidad, somos capaces de participar en la pol\u00edtica\u201d, dijo a Urgente.bo.<br \/>\nLa senadora Velasco mencion\u00f3 que se barajan los nombres de la exdirigente intercultural Ang\u00e9lica Ponce; Segundina Flores, secretaria ejecutiva de la Confederaci\u00f3n Nacional de Mujeres Campesinas;Julia Ramos, de la Federaci\u00f3n de Mujeres Campesinas Bartolina Sisa y vicepresidenta del MAS.<br \/>\nA la par, se encuentra la diputada arcista Deysi Choque y hasta Martha Mamani, directora de la carrera Ciencias de la Comunicaci\u00f3n de la UPEA. Por otro lado, Ang\u00e9lica Ponce mencion\u00f3 en una pasada entrevista que la ministra de la Presidencia, Mar\u00eda Nela Prada es una opci\u00f3n en el oficialismo.<br \/>\nFuera del oficialismo, las precandidatas son la diputada de Comunidad Ciudadana, Toribia Lero; La empresaria Carol Blenda Illievski; la alcaldesa de El Alto, Eva Copa, quien no descart\u00f3 ser candidata. Desde el a\u00f1o pasado, la autoridad municipal conform\u00f3 el Movimiento de Renovaci\u00f3n Nacional (Morena), un partido de alcance nacional que fue reconocido oficialmente por el Tribunal Supremo Electoral.<br \/>\nAdem\u00e1s, la economista Amparo Ballivian, expresidanta de la Aduana Nacional y exrepresentante por Bolivia ante el Banco Mundial, es hasta ahora la \u00fanica mujer que busca la candidatura a la Presidencia en el bloque unitario de oposici\u00f3n.<br \/>\nY aunque no oficializ\u00f3 nada ni se refiri\u00f3 al tema, la activista Mar\u00eda Galindo se ha mostrado en encuestas sobre intenci\u00f3n de voto y muestra apoyo.<\/p>\n","protected":false},"excerpt":{"rendered":"<p>A poco de que inicie el calendario electoral para las elecciones presidenciales, aparecen al menos 10 precandidatas ya sea desde el actual oficialismo como desde la vereda de la oposici\u00f3n. Algunas se presentaron oficialmente, mientras que otras reciben apoyo de su entorno y a\u00fan no hay nada oficial. En el oficialismo se barajan al menos [&hellip;]<\/p>\n","protected":false},"author":1,"featured_media":1171,"comment_status":"","ping_status":"open","sticky":false,"template":"","format":"standard","meta":{"pagelayer_contact_templates":[],"_pagelayer_content":"","footnotes":""},"categories":[20,24,30],"tags":[],"class_list":{"0":"post-1170","1":"post","2":"type-post","3":"status-publish","4":"format-standard","5":"has-post-thumbnail","7":"category-politica","8":"category-portada-general-sitio","9":"category-portada-politica"},"_links":{"self":[{"href":"https:\/\/jms.com.bo\/mediamonitorbo\/wp-json\/wp\/v2\/posts\/1170","targetHints":{"allow":["GET"]}}],"collection":[{"href":"https:\/\/jms.com.bo\/mediamonitorbo\/wp-json\/wp\/v2\/posts"}],"about":[{"href":"https:\/\/jms.com.bo\/mediamonitorbo\/wp-json\/wp\/v2\/types\/post"}],"author":[{"embeddable":true,"href":"https:\/\/jms.com.bo\/mediamonitorbo\/wp-json\/wp\/v2\/users\/1"}],"replies":[{"embeddable":true,"href":"https:\/\/jms.com.bo\/mediamonitorbo\/wp-json\/wp\/v2\/comments?post=1170"}],"version-history":[{"count":0,"href":"https:\/\/jms.com.bo\/mediamonitorbo\/wp-json\/wp\/v2\/posts\/1170\/revisions"}],"wp:featuredmedia":[{"embeddable":true,"href":"https:\/\/jms.com.bo\/mediamonitorbo\/wp-json\/wp\/v2\/media\/1171"}],"wp:attachment":[{"href":"https:\/\/jms.com.bo\/mediamonitorbo\/wp-json\/wp\/v2\/media?parent=1170"}],"wp:term":[{"taxonomy":"category","embeddable":true,"href":"https:\/\/jms.com.bo\/mediamonitorbo\/wp-json\/wp\/v2\/categories?post=1170"},{"taxonomy":"post_tag","embeddable":true,"href":"https:\/\/jms.com.bo\/mediamonitorbo\/wp-json\/wp\/v2\/tags?post=1170"}],"curies":[{"name":"wp","href":"https:\/\/api.w.org\/{rel}","templated":true}]}}