{"id":1172,"date":"2025-02-25T07:02:35","date_gmt":"2025-02-25T11:02:35","guid":{"rendered":"https:\/\/jms.com.bo\/mediamonitorbo\/2025\/02\/25\/ministra-prada-afirma-que-el-presidente-sera-candidato-en-las-elecciones-de-agosto\/"},"modified":"2025-02-25T07:02:35","modified_gmt":"2025-02-25T11:02:35","slug":"ministra-prada-afirma-que-el-presidente-sera-candidato-en-las-elecciones-de-agosto","status":"publish","type":"post","link":"https:\/\/jms.com.bo\/mediamonitorbo\/2025\/02\/25\/ministra-prada-afirma-que-el-presidente-sera-candidato-en-las-elecciones-de-agosto\/","title":{"rendered":"Ministra Prada afirma que el presidente ser\u00e1 candidato en las elecciones de agosto"},"content":{"rendered":"<p>Luego de una multitudinaria caravana en Santa Cruz, la ministra de la Presidencia, Mar\u00eda Nela Prada, afirm\u00f3 que el presidente Luis Arce ser\u00e1 candidato en las elecciones generales del 17 de agosto.<br \/>\nRodeado por los militantes del MAS-IPSP, Prada asegur\u00f3 que \u201cel presidente Luis Arce es nuestro candidato 2025-2030\u201d.<br \/>\n\u201cDesde aqu\u00ed le decimos hasta donde est\u00e9 nuestro presidente que Lucho no est\u00e1 solo, Lucho no est\u00e1 solo\u201d, afirm\u00f3.<br \/>\nLa caravana reuni\u00f3 a cientos de veh\u00edculos y militantes del MAS-IPSP. Sus promotores se\u00f1alaron que es el inicio de la campa\u00f1a por la reelecci\u00f3n de Arce como presidente.<br \/>\nEl MAS-IPSP se dio hasta el 11 de abril para elegir a su binomio presidencial.<br \/>\nDurante el acto, Prada confirm\u00f3 que este lunes ser\u00e1 inaugurado el Complejo Sider\u00fargico del Mut\u00fan, una \u201cobra estrella del Bicentenario (de Bolivia) y que fue anhelada por el pueblo cruce\u00f1o y boliviano\u201d por d\u00e9cadas.<br \/>\nEl Complejo Sider\u00fargico del Mut\u00fan producir\u00e1 200.000 toneladas (t) anuales de barras corrugadas para la construcci\u00f3n y alambr\u00f3n, lo que significa la sustituci\u00f3n de las importaciones de acero en casi un 50% en Bolivia, es decir, cerca de $us 200 millones por a\u00f1o.<br \/>\nEl alambr\u00f3n es requerido para producir subproductos como tuercas, tornillos, clavos, volandas, pernos y otros que tienen gran demanda.<\/p>\n","protected":false},"excerpt":{"rendered":"<p>Luego de una multitudinaria caravana en Santa Cruz, la ministra de la Presidencia, Mar\u00eda Nela Prada, afirm\u00f3 que el presidente Luis Arce ser\u00e1 candidato en las elecciones generales del 17 de agosto. Rodeado por los militantes del MAS-IPSP, Prada asegur\u00f3 que \u201cel presidente Luis Arce es nuestro candidato 2025-2030\u201d. \u201cDesde aqu\u00ed le decimos hasta donde [&hellip;]<\/p>\n","protected":false},"author":1,"featured_media":1173,"comment_status":"","ping_status":"open","sticky":false,"template":"","format":"standard","meta":{"pagelayer_contact_templates":[],"_pagelayer_content":"","footnotes":""},"categories":[20],"tags":[],"class_list":{"0":"post-1172","1":"post","2":"type-post","3":"status-publish","4":"format-standard","5":"has-post-thumbnail","7":"category-politica"},"_links":{"self":[{"href":"https:\/\/jms.com.bo\/mediamonitorbo\/wp-json\/wp\/v2\/posts\/1172","targetHints":{"allow":["GET"]}}],"collection":[{"href":"https:\/\/jms.com.bo\/mediamonitorbo\/wp-json\/wp\/v2\/posts"}],"about":[{"href":"https:\/\/jms.com.bo\/mediamonitorbo\/wp-json\/wp\/v2\/types\/post"}],"author":[{"embeddable":true,"href":"https:\/\/jms.com.bo\/mediamonitorbo\/wp-json\/wp\/v2\/users\/1"}],"replies":[{"embeddable":true,"href":"https:\/\/jms.com.bo\/mediamonitorbo\/wp-json\/wp\/v2\/comments?post=1172"}],"version-history":[{"count":0,"href":"https:\/\/jms.com.bo\/mediamonitorbo\/wp-json\/wp\/v2\/posts\/1172\/revisions"}],"wp:featuredmedia":[{"embeddable":true,"href":"https:\/\/jms.com.bo\/mediamonitorbo\/wp-json\/wp\/v2\/media\/1173"}],"wp:attachment":[{"href":"https:\/\/jms.com.bo\/mediamonitorbo\/wp-json\/wp\/v2\/media?parent=1172"}],"wp:term":[{"taxonomy":"category","embeddable":true,"href":"https:\/\/jms.com.bo\/mediamonitorbo\/wp-json\/wp\/v2\/categories?post=1172"},{"taxonomy":"post_tag","embeddable":true,"href":"https:\/\/jms.com.bo\/mediamonitorbo\/wp-json\/wp\/v2\/tags?post=1172"}],"curies":[{"name":"wp","href":"https:\/\/api.w.org\/{rel}","templated":true}]}}