{"id":1174,"date":"2025-02-25T07:01:17","date_gmt":"2025-02-25T11:01:17","guid":{"rendered":"https:\/\/jms.com.bo\/mediamonitorbo\/2025\/02\/25\/evistas-dejan-el-mas-pero-sus-legisladores-no\/"},"modified":"2025-02-25T07:01:17","modified_gmt":"2025-02-25T11:01:17","slug":"evistas-dejan-el-mas-pero-sus-legisladores-no","status":"publish","type":"post","link":"https:\/\/jms.com.bo\/mediamonitorbo\/2025\/02\/25\/evistas-dejan-el-mas-pero-sus-legisladores-no\/","title":{"rendered":"\u2018Evistas\u2019 dejan el MAS, pero sus legisladores no"},"content":{"rendered":"<p>Legisladores leales al expresidente Evo Morales aseguran que no renunciar\u00e1n al Movimiento Al Socialismo (MAS) para evitar un proceso por \u201ctransfugio pol\u00edtico\u201d y la p\u00e9rdida de sus esca\u00f1os, a pesar de que este lunes decenas de militantes \u2018evistas\u2019 comenzaron a dejar este partido para seguir a su l\u00edder, quien anunci\u00f3 la presentaci\u00f3n de su candidatura presidencial con el FPV.<br \/>\nMorales anunci\u00f3 la semana pasada que participar\u00e1 en las elecciones del 17 de agosto con el partido Frente para la Victoria (FPV), despu\u00e9s de firmar un acuerdo que establece que el exmandatario ser\u00e1 el \u201c\u00fanico candidato\u201d de esa organizaci\u00f3n pol\u00edtica, aunque la dirigencia no se cerr\u00f3 a la posibilidad de postular tambi\u00e9n a Andr\u00f3nico Rodr\u00edguez si el exjefe del MAS no logra ser habilitado.<br \/>\n\u201cVamos a cumplir con lo que establece la norma como siempre lo hemos hecho. Hemos sido elegidos por la sigla del MAS hasta la gesti\u00f3n 2025 y as\u00ed vamos a culminar la gesti\u00f3n\u201d, dijo el diputado evista Ren\u00e1n Cabezas, seg\u00fan inform\u00f3 la agencia EFE.<br \/>\nEl legislador agreg\u00f3 que el \u2018arcismo\u2019 espera que los diputados y senadores que responden a Morales se sumen a la renuncia al MAS para retirarles \u201clos esca\u00f1os y curules\u201d que obtuvieron en las elecciones de 2020.<br \/>\nSi renunciamos \u201cpodr\u00edan (los arcistas) quitarnos los esca\u00f1os y apropiarse de la Asamblea Legislativa y aprobar todas las normas sin ninguna resistencia. Nosotros vamos a hacer una estrategia para mantenernos hasta el final de la gesti\u00f3n\u201d, explic\u00f3 Cabezas.<br \/>\nLas normas electorales establecen que existe \u201ctransfugio pol\u00edtico\u201d cuando se asume una militancia distinta al partido por el que alguien fue elegido y que el esca\u00f1o pertenece al partido y no a la persona electa.<br \/>\nM\u00c1S DE 800 MIL<br \/>\nEl \u2018evismo\u2019 espera que al menos 800 mil militantes dejen el MAS con la \u201crenuncia masiva de militantes\u201d que comenz\u00f3 este lunes y que se realizar\u00e1 de manera \u201cescalonada\u201d, seg\u00fan inform\u00f3 a CORREO DEL SUR el responsable de la Comisi\u00f3n Pol\u00edtica del Instrumento Pol\u00edtico por la Soberan\u00eda de los Pueblos (IPSP), Rodolfo Machaca, la sigla con la que el evismo se identifica actualmente tras perder el control del MAS.<br \/>\nEl dirigente dijo que \u201cno tenemos datos exactos\u201d sobre cu\u00e1ntos militantes renunciaron este lunes, pero estim\u00f3 que fueron entre 300 y 500 en las ciudades del eje.<br \/>\n\u201cEstimamos (que renunciar\u00e1n en total) m\u00e1s de 800 o 900 mil militantes\u201d, agreg\u00f3 Machaca, que apunt\u00f3 que esa cifra no incluye a los funcionarios p\u00fablicos, ya que varios de estos \u201cno son militantes\u201d del MAS.<br \/>\nEn Sucre, alrededor de 100 personas presentaron este lunes su renuncia al MAS ante el TED de Chuquisaca, seg\u00fan inform\u00f3 el expresidente departamental del MAS, Reynaldo Cruz, que apunt\u00f3 que la renuncia no supone que los seguidores de Morales vayan a inscribirse ahora en listas del FPV. \u201cVamos a refundar nuestro instrumento pol\u00edtico\u201d, explic\u00f3.<br \/>\nAgreg\u00f3 que, de los 30.000 militantes del MAS en Chuquisaca, estima que dejar\u00e1n este partido al menos 20.000.<br \/>\nNO AFECTA<br \/>\nEl vocal del Tribunal Supremo Electoral (TSE) Tahuichi Tahuichi Quispe asegur\u00f3 que la renuncia masiva de militantes del MAS no tendr\u00e1 efectos legales sobre la personalidad jur\u00eddica de este partido. \u201cHay que recordar que as\u00ed sean todos los que renuncien, igual la personer\u00eda jur\u00eddica sigue vigente. No afecta, no tiene una consecuencia, no tiene v\u00ednculo directo con la personer\u00eda jur\u00eddica\u201d, declar\u00f3 a la prensa de La Paz.<br \/>\nMILITANTES<br \/>\nEl Movimiento Al Socialismo (MAS) ten\u00eda hasta este lunes 1.082.645 militantes registrados, seg\u00fan datos del Tribunal Supremo Electoral (TSE).<br \/>\nTSE exigir\u00e1 fotograf\u00edas de los militantes<br \/>\nA partir de este a\u00f1o, el Tribunal Supremo Electoral (TSE) exigir\u00e1 que el registro de militantes incluya una fotograf\u00eda, con el objetivo de evitar que estos nieguen posteriormente su pertenencia a la organizaci\u00f3n pol\u00edtica a la que se hayan inscrito.<br \/>\nCon la nueva normativa, los ciudadanos que deseen registrarse como militantes deber\u00e1n firmar un certificado y, adem\u00e1s, posar para una fotograf\u00eda sosteniendo el documento de afiliaci\u00f3n.<br \/>\n\u201cLe vamos a sacar una hermosa foto al militante, de su rostro, agarrado de su certificado de militancia\u201d, dijo el vocal del TSE Tahuichi Tahuichi Quispe, en contacto con la red Erbol.<br \/>\nLea\u00f1o: Evistas deber\u00edan renunciar<br \/>\nEl alcalde de Sucre, Enrique Lea\u00f1o (MAS), considera que los concejales y asamble\u00edstas \u2018evistas\u2019 del MAS en Sucre y Chuquisaca deber\u00edan renunciar a sus curules, luego de que el evismo instruyera dejar este partido de manera masiva.<br \/>\n\u201cQue lo digan claro los concejales y asamble\u00edstas, si van a seguir ese camino. Que lo hagan. As\u00ed no nos perjudican (&#8230;). \u201cSi tienen \u00e9tica, seguramente renunciar\u00e1n y pondr\u00e1n a disposici\u00f3n el curul, pero veremos\u201d, dijo la autoridad municipal, que a\u00f1adi\u00f3 que \u201cnos alegra mucho\u201d que los evistas hayan decidido renunciar al MAS \u201cpara saber qui\u00e9nes realmente aman Bolivia\u201d.<\/p>\n","protected":false},"excerpt":{"rendered":"<p>Legisladores leales al expresidente Evo Morales aseguran que no renunciar\u00e1n al Movimiento Al Socialismo (MAS) para evitar un proceso por \u201ctransfugio pol\u00edtico\u201d y la p\u00e9rdida de sus esca\u00f1os, a pesar de que este lunes decenas de militantes \u2018evistas\u2019 comenzaron a dejar este partido para seguir a su l\u00edder, quien anunci\u00f3 la presentaci\u00f3n de su candidatura [&hellip;]<\/p>\n","protected":false},"author":1,"featured_media":1175,"comment_status":"","ping_status":"open","sticky":false,"template":"","format":"standard","meta":{"pagelayer_contact_templates":[],"_pagelayer_content":"","footnotes":""},"categories":[20],"tags":[],"class_list":{"0":"post-1174","1":"post","2":"type-post","3":"status-publish","4":"format-standard","5":"has-post-thumbnail","7":"category-politica"},"_links":{"self":[{"href":"https:\/\/jms.com.bo\/mediamonitorbo\/wp-json\/wp\/v2\/posts\/1174","targetHints":{"allow":["GET"]}}],"collection":[{"href":"https:\/\/jms.com.bo\/mediamonitorbo\/wp-json\/wp\/v2\/posts"}],"about":[{"href":"https:\/\/jms.com.bo\/mediamonitorbo\/wp-json\/wp\/v2\/types\/post"}],"author":[{"embeddable":true,"href":"https:\/\/jms.com.bo\/mediamonitorbo\/wp-json\/wp\/v2\/users\/1"}],"replies":[{"embeddable":true,"href":"https:\/\/jms.com.bo\/mediamonitorbo\/wp-json\/wp\/v2\/comments?post=1174"}],"version-history":[{"count":0,"href":"https:\/\/jms.com.bo\/mediamonitorbo\/wp-json\/wp\/v2\/posts\/1174\/revisions"}],"wp:featuredmedia":[{"embeddable":true,"href":"https:\/\/jms.com.bo\/mediamonitorbo\/wp-json\/wp\/v2\/media\/1175"}],"wp:attachment":[{"href":"https:\/\/jms.com.bo\/mediamonitorbo\/wp-json\/wp\/v2\/media?parent=1174"}],"wp:term":[{"taxonomy":"category","embeddable":true,"href":"https:\/\/jms.com.bo\/mediamonitorbo\/wp-json\/wp\/v2\/categories?post=1174"},{"taxonomy":"post_tag","embeddable":true,"href":"https:\/\/jms.com.bo\/mediamonitorbo\/wp-json\/wp\/v2\/tags?post=1174"}],"curies":[{"name":"wp","href":"https:\/\/api.w.org\/{rel}","templated":true}]}}