{"id":1176,"date":"2025-02-25T06:59:34","date_gmt":"2025-02-25T10:59:34","guid":{"rendered":"https:\/\/jms.com.bo\/mediamonitorbo\/2025\/02\/25\/panificadores-denuncian-falta-de-insumos-y-advierten-que-dejaran-de-producir-pan\/"},"modified":"2025-02-25T06:59:34","modified_gmt":"2025-02-25T10:59:34","slug":"panificadores-denuncian-falta-de-insumos-y-advierten-que-dejaran-de-producir-pan","status":"publish","type":"post","link":"https:\/\/jms.com.bo\/mediamonitorbo\/2025\/02\/25\/panificadores-denuncian-falta-de-insumos-y-advierten-que-dejaran-de-producir-pan\/","title":{"rendered":"Panificadores denuncian falta de insumos y advierten que dejar\u00e1n de producir pan"},"content":{"rendered":"<p>La Confederaci\u00f3n Nacional de Panificadores de Bolivia expres\u00f3 su preocupaci\u00f3n ante el incumplimiento del acuerdo de provisi\u00f3n de insumos subvencionados por parte del Gobierno.<br \/>\nSeg\u00fan el dirigente Rub\u00e9n R\u00edos, en febrero solo se entreg\u00f3 el 50% de la harina comprometida, lo que pone en riesgo la producci\u00f3n del pan de batalla.<br \/>\n\u00abHay retrasos a nivel nacional, pedimos que cumplan en su totalidad con lo pactado\u00bb, afirm\u00f3 R\u00edos, advirtiendo que, de no recibir harina, manteca, levadura y az\u00facar en los plazos acordados, los panificadores dejar\u00e1n de producir.<br \/>\nEl sector aguarda una reuni\u00f3n con la Empresa de Apoyo a la Producci\u00f3n de Alimentos (Emapa) para exigir la entrega completa de los insumos. Mientras tanto, en Santa Cruz la falta de harina subvencionada ya ha impactado en el precio del pan, que se comercializa hasta en 1,50 bolivianos por dos unidades.<br \/>\nLos panificadores anunciaron un ampliado este mi\u00e9rcoles, donde podr\u00edan determinar medidas de presi\u00f3n si el Gobierno sigue incumpliendo con lo pactado.<\/p>\n","protected":false},"excerpt":{"rendered":"<p>La Confederaci\u00f3n Nacional de Panificadores de Bolivia expres\u00f3 su preocupaci\u00f3n ante el incumplimiento del acuerdo de provisi\u00f3n de insumos subvencionados por parte del Gobierno. Seg\u00fan el dirigente Rub\u00e9n R\u00edos, en febrero solo se entreg\u00f3 el 50% de la harina comprometida, lo que pone en riesgo la producci\u00f3n del pan de batalla. \u00abHay retrasos a nivel [&hellip;]<\/p>\n","protected":false},"author":1,"featured_media":1177,"comment_status":"","ping_status":"open","sticky":false,"template":"","format":"standard","meta":{"pagelayer_contact_templates":[],"_pagelayer_content":"","footnotes":""},"categories":[21,31,24],"tags":[],"class_list":{"0":"post-1176","1":"post","2":"type-post","3":"status-publish","4":"format-standard","5":"has-post-thumbnail","7":"category-actualidad","8":"category-portada-actualidad","9":"category-portada-general-sitio"},"_links":{"self":[{"href":"https:\/\/jms.com.bo\/mediamonitorbo\/wp-json\/wp\/v2\/posts\/1176","targetHints":{"allow":["GET"]}}],"collection":[{"href":"https:\/\/jms.com.bo\/mediamonitorbo\/wp-json\/wp\/v2\/posts"}],"about":[{"href":"https:\/\/jms.com.bo\/mediamonitorbo\/wp-json\/wp\/v2\/types\/post"}],"author":[{"embeddable":true,"href":"https:\/\/jms.com.bo\/mediamonitorbo\/wp-json\/wp\/v2\/users\/1"}],"replies":[{"embeddable":true,"href":"https:\/\/jms.com.bo\/mediamonitorbo\/wp-json\/wp\/v2\/comments?post=1176"}],"version-history":[{"count":0,"href":"https:\/\/jms.com.bo\/mediamonitorbo\/wp-json\/wp\/v2\/posts\/1176\/revisions"}],"wp:featuredmedia":[{"embeddable":true,"href":"https:\/\/jms.com.bo\/mediamonitorbo\/wp-json\/wp\/v2\/media\/1177"}],"wp:attachment":[{"href":"https:\/\/jms.com.bo\/mediamonitorbo\/wp-json\/wp\/v2\/media?parent=1176"}],"wp:term":[{"taxonomy":"category","embeddable":true,"href":"https:\/\/jms.com.bo\/mediamonitorbo\/wp-json\/wp\/v2\/categories?post=1176"},{"taxonomy":"post_tag","embeddable":true,"href":"https:\/\/jms.com.bo\/mediamonitorbo\/wp-json\/wp\/v2\/tags?post=1176"}],"curies":[{"name":"wp","href":"https:\/\/api.w.org\/{rel}","templated":true}]}}