{"id":1178,"date":"2025-02-25T06:57:57","date_gmt":"2025-02-25T10:57:57","guid":{"rendered":"https:\/\/jms.com.bo\/mediamonitorbo\/2025\/02\/25\/responsabilizan-al-contrabando-peruano-por-alza-del-precio-de-la-carne-en-centros-de-confinamiento\/"},"modified":"2025-02-25T06:57:57","modified_gmt":"2025-02-25T10:57:57","slug":"responsabilizan-al-contrabando-peruano-por-alza-del-precio-de-la-carne-en-centros-de-confinamiento","status":"publish","type":"post","link":"https:\/\/jms.com.bo\/mediamonitorbo\/2025\/02\/25\/responsabilizan-al-contrabando-peruano-por-alza-del-precio-de-la-carne-en-centros-de-confinamiento\/","title":{"rendered":"Responsabilizan al contrabando peruano por alza del precio de la carne en \u201ccentros de confinamiento\u201d"},"content":{"rendered":"<p>La Federaci\u00f3n \u00danica de Trabajadores en Carne y Ramas Afines (Futecra) responsabiliz\u00f3 al contrabando peruano por el incremento del precio de la carne. El Gobierno se reunir\u00e1 con su dirigencia para abordar est\u00e1 problem\u00e1tica, inform\u00f3 el viceministro de Defensa de los Derechos del Usuario y del Consumidor, Jorge Silva.<br \/>\nResponsabilizan al contrabando peruano por alza al precio de la carne en \u201ccentros de confinamiento\u201d<br \/>\n\u201cNos se\u00f1alan que en los centros de confinamiento se hubiera incrementado el precio debido al contrabando. Ellos (Futecra) dicen que es el contrabandista quien va y les quita el ganado. Ese es el t\u00e9rmino que utilizan, les quitan el ganado ofreciendo un precio mayor\u201d, dijo la autoridad en entrevista con Bolivia Tv.<br \/>\nExplic\u00f3 que, en estos \u201ccentros de confinamiento\u201d si el comerciante boliviano ofrece Bs 17, el contrabandista peruano ofrece Bs 19,50 hasta Bs 20, lo que provoca que el ganadero venda al mejor postor.<br \/>\n\u201cEso sucesivamente va incrementando en todos los eslabones de la cadena productiva hasta llegar al consumidor con un precio que, ya consideramos totalmente arbitrario, abusivo y en algunos casos, se hace inaccesible\u201d, reproch\u00f3.<br \/>\nEsta cartera de Estado se reunir\u00e1 con la dirigencia de Futecra para hacer un an\u00e1lisis del por qu\u00e9 el precio no baja pese a la restricci\u00f3n de las exportaciones de carne de res, medida asumida por el Gobierno nacional en defensa de la econom\u00eda de la poblaci\u00f3n boliviana.<br \/>\n\u201cEstamos acordando sostener una reuni\u00f3n con el directorio de Futecra a tiempo de conocer cu\u00e1l es la estructura de costos que tiene este principal eslab\u00f3n de la cadena productiva de carne, para determinar en qu\u00e9 etapa se incrementa el precio y por qu\u00e9 no baja pese a la restricci\u00f3n a las exportaciones de carne de res, pero que lamentablemente todav\u00eda no se siente esos resultados que ya deber\u00edamos haber tenido\u201d, precis\u00f3.<br \/>\nSeg\u00fan Futecra el precio bajo entre Bs 1 y Bs 1,50; sin embargo, esto a\u00fan no se refleja en la venta al consumidor final.<\/p>\n","protected":false},"excerpt":{"rendered":"<p>La Federaci\u00f3n \u00danica de Trabajadores en Carne y Ramas Afines (Futecra) responsabiliz\u00f3 al contrabando peruano por el incremento del precio de la carne. El Gobierno se reunir\u00e1 con su dirigencia para abordar est\u00e1 problem\u00e1tica, inform\u00f3 el viceministro de Defensa de los Derechos del Usuario y del Consumidor, Jorge Silva. Responsabilizan al contrabando peruano por alza [&hellip;]<\/p>\n","protected":false},"author":1,"featured_media":1179,"comment_status":"","ping_status":"open","sticky":false,"template":"","format":"standard","meta":{"pagelayer_contact_templates":[],"_pagelayer_content":"","footnotes":""},"categories":[21],"tags":[],"class_list":{"0":"post-1178","1":"post","2":"type-post","3":"status-publish","4":"format-standard","5":"has-post-thumbnail","7":"category-actualidad"},"_links":{"self":[{"href":"https:\/\/jms.com.bo\/mediamonitorbo\/wp-json\/wp\/v2\/posts\/1178","targetHints":{"allow":["GET"]}}],"collection":[{"href":"https:\/\/jms.com.bo\/mediamonitorbo\/wp-json\/wp\/v2\/posts"}],"about":[{"href":"https:\/\/jms.com.bo\/mediamonitorbo\/wp-json\/wp\/v2\/types\/post"}],"author":[{"embeddable":true,"href":"https:\/\/jms.com.bo\/mediamonitorbo\/wp-json\/wp\/v2\/users\/1"}],"replies":[{"embeddable":true,"href":"https:\/\/jms.com.bo\/mediamonitorbo\/wp-json\/wp\/v2\/comments?post=1178"}],"version-history":[{"count":0,"href":"https:\/\/jms.com.bo\/mediamonitorbo\/wp-json\/wp\/v2\/posts\/1178\/revisions"}],"wp:featuredmedia":[{"embeddable":true,"href":"https:\/\/jms.com.bo\/mediamonitorbo\/wp-json\/wp\/v2\/media\/1179"}],"wp:attachment":[{"href":"https:\/\/jms.com.bo\/mediamonitorbo\/wp-json\/wp\/v2\/media?parent=1178"}],"wp:term":[{"taxonomy":"category","embeddable":true,"href":"https:\/\/jms.com.bo\/mediamonitorbo\/wp-json\/wp\/v2\/categories?post=1178"},{"taxonomy":"post_tag","embeddable":true,"href":"https:\/\/jms.com.bo\/mediamonitorbo\/wp-json\/wp\/v2\/tags?post=1178"}],"curies":[{"name":"wp","href":"https:\/\/api.w.org\/{rel}","templated":true}]}}