{"id":125,"date":"2025-01-24T07:28:16","date_gmt":"2025-01-24T07:28:16","guid":{"rendered":"https:\/\/jms.com.bo\/mediamonitorbo\/2025\/01\/24\/exministro-rios-ni-con-las-rin-en-efectivo-y-el-oro-se-alcanzara-para-cubrir-la-importacion-de-hidrocarburos-en-2025\/"},"modified":"2025-01-24T07:28:16","modified_gmt":"2025-01-24T07:28:16","slug":"exministro-rios-ni-con-las-rin-en-efectivo-y-el-oro-se-alcanzara-para-cubrir-la-importacion-de-hidrocarburos-en-2025","status":"publish","type":"post","link":"https:\/\/jms.com.bo\/mediamonitorbo\/2025\/01\/24\/exministro-rios-ni-con-las-rin-en-efectivo-y-el-oro-se-alcanzara-para-cubrir-la-importacion-de-hidrocarburos-en-2025\/","title":{"rendered":"Exministro R\u00edos: Ni con las RIN en efectivo y el oro se alcanzar\u00e1 para cubrir la importaci\u00f3n de hidrocarburos en 2025"},"content":{"rendered":"<p>Las filas de motorizados han vuelto a varios surtidores del pa\u00eds. Es una situaci\u00f3n que ya es com\u00fan hace 20 meses, se\u00f1al\u00f3 el exministro de Hidrocarburos \u00c1lvaro R\u00edos, quien consider\u00f3 que somos \u201cun pa\u00eds que no produce y tampoco tiene divisas para importar\u201d.<br \/>\nEn ese contexto, advirti\u00f3 que Bolivia enfrenta una crisis energ\u00e9tica, que pone en riesgo inclusive el suministro de Gas Licuado de Petr\u00f3leo (GLP) y de gas natural.<br \/>\nEn criterio del experto, se sumar\u00e1n a los energ\u00e9ticos que importar\u00e1 el pa\u00eds adem\u00e1s del di\u00e9sel y la gasolina.<br \/>\n\u201cLa poblaci\u00f3n le est\u00e1 exigiendo a un Gobierno que est\u00e1 yesca. O sea, no tiene c\u00f3mo darle soluci\u00f3n a un problema que se ha generado desde hace 15 a\u00f1os, todo se debe a una pol\u00edtica fallida de hidrocarburos o energ\u00e9tica en el pa\u00eds, donde no hemos priorizado la exploraci\u00f3n, nos hemos dedicado a exportar el gas, a producir condensado, a producir petr\u00f3leo, pero no hemos puesto reservas\u201d, se\u00f1al\u00f3 R\u00edos..<br \/>\n\u201cY en ese entendido es que la producci\u00f3n de condensado de petr\u00f3leo en este caso para sacar di\u00e9sel y gasolina en nuestras refiner\u00edas declina muy fuerte desde el a\u00f1o 2015\u201d, a\u00f1adi\u00f3.<br \/>\nEsta situaci\u00f3n \u201chace que cada a\u00f1o tengamos que importar mucho m\u00e1s\u201d.<br \/>\nR\u00edos calcul\u00f3 que este a\u00f1o el pa\u00eds importar\u00e1 \u201ccerca a 3.400 millones de d\u00f3lares entre gasolina di\u00e9sel y un poco de GLP\u201d<br \/>\n\u00bfDe d\u00f3nde va a sacar esa plata el pa\u00eds?<br \/>\nExplic\u00f3 que ni con las reservas internacionales en efectivo y oro con las que cuentan el pa\u00eds alcanzar\u00e1 para cubrir este gasto.<br \/>\n\u201cSi sumamos esos dos no tenemos m\u00e1s que 2.050 millones de d\u00f3lares. Si le sumamos la declinante producci\u00f3n de gas que vamos a exportar, que recibe el pa\u00eds, le vamos a sumar otros 1.100 millones de d\u00f3lares, no alcanza todo eso para comprar todo el combustible que necesita el pa\u00eds este 2025 y esas no son las \u00fanicas necesidades, el pa\u00eds necesita medicamentos, necesita otros insumos\u201d, dijo.<br \/>\n\u201cEntonces, estamos en un callej\u00f3n sin salida, donde el Gobierno no puede dar respuesta a lo que la gente le plantea\u201d, a\u00f1adi\u00f3.<br \/>\n\u201cCrisis energ\u00e9tica\u201d<br \/>\nEn su juicio, el Gobierno \u201cno tiene nada para ofrecer\u201d a los sectores que demandan carburantes para operar, como los productores y transportistas de San Juli\u00e1n y Concepci\u00f3n.<br \/>\n\u201cEstamos en una profunda crisis energ\u00e9tica y hemos comenzado a ver esta crisis en 2023, el 2024 se ha agravado much\u00edsimo y este 2025 no creo sea mejor, no puede ser mejor porque no tenemos las divisas para importar oportunamente, porque hemos tenido una pol\u00edtica fallida de energ\u00eda por la falta de exploraci\u00f3n y nos hemos convertido en un pa\u00eds que no produce y tampoco tiene las divisas para importar\u201d, sostuvo.<br \/>\nEn su juicio, \u201cel presidente Arce y su equipo tienen que entender que estamos ante un fallido modelo econ\u00f3mico\u201d.<br \/>\n\u201cUn fallido modelo econ\u00f3mico donde hemos priorizado la inversi\u00f3n estatal, donde hemos priorizado y ahuyentado la inversi\u00f3n extranjera directa, donde las empresas estatales, la mayor\u00eda en quiebra, est\u00e1n siendo subvencionadas por el Gobierno para que se mantenga a flote\u201d, afirm\u00f3.<br \/>\nR\u00edos consider\u00f3 que es urgente preguntar a YPFB, al ministro de Econom\u00eda, Marcelo Montenegro, a las autoridades de la ANH, \u201c\u00bfde d\u00f3nde van a sacar las divisas si sumando no hay?\u201d.<br \/>\nLa exautoridad indic\u00f3 que las importaciones por concepto de hidrocarburos bordear\u00e1 los 3.400 millones de d\u00f3lares.<br \/>\nGLP y Gas natural<br \/>\n\u201cCada vez nos cuentan el cuento del t\u00edo, s\u00e9 lo que viene y no viene nada mejor\u201d, advirti\u00f3.<br \/>\n\u201cComo le digo, este a\u00f1o viene el GLP y el 2028, a finales de 2027 vamos a comenzar a importar gas natural. De d\u00f3nde vamos a sacar 5.500 millones de d\u00f3lares para importar todas las necesidades energ\u00e9ticas que tenemos\u201d, se cuestion\u00f3.<br \/>\nEn su juicio, el Gobierno de Luis Arce y sus antecesores \u201cnos han metido a un problem\u00f3n y encima nos dicen que todo est\u00e1 normal y quieren tapar el sol con un dedo, creo que esto ya no se puede\u201d.<br \/>\n\u201cNo queremos ser Cuba, no queremos ser Venezuela y por eso reclamamos y creo que el presidente de la Cainco tambi\u00e9n pide un nuevo modelo econ\u00f3mico. El pa\u00eds en conjunto debe pedir un nuevo modelo econ\u00f3mico porque lo que nos est\u00e1n dando es solamente sembrar m\u00e1s pobreza para el futuro\u201d, afirm\u00f3.<\/p>\n","protected":false},"excerpt":{"rendered":"<p>Las filas de motorizados han vuelto a varios surtidores del pa\u00eds. Es una situaci\u00f3n que ya es com\u00fan hace 20 meses, se\u00f1al\u00f3 el exministro de Hidrocarburos \u00c1lvaro R\u00edos, quien consider\u00f3 que somos \u201cun pa\u00eds que no produce y tampoco tiene divisas para importar\u201d. En ese contexto, advirti\u00f3 que Bolivia enfrenta una crisis energ\u00e9tica, que pone [&hellip;]<\/p>\n","protected":false},"author":1,"featured_media":0,"comment_status":"open","ping_status":"open","sticky":false,"template":"","format":"standard","meta":{"pagelayer_contact_templates":[],"_pagelayer_content":"","footnotes":""},"categories":[23,17,24,25],"tags":[],"class_list":{"0":"post-125","1":"post","2":"type-post","3":"status-publish","4":"format-standard","6":"category-bolivia","7":"category-oil-gas","8":"category-portada-general-sitio","9":"category-portada-oil-gas"},"_links":{"self":[{"href":"https:\/\/jms.com.bo\/mediamonitorbo\/wp-json\/wp\/v2\/posts\/125","targetHints":{"allow":["GET"]}}],"collection":[{"href":"https:\/\/jms.com.bo\/mediamonitorbo\/wp-json\/wp\/v2\/posts"}],"about":[{"href":"https:\/\/jms.com.bo\/mediamonitorbo\/wp-json\/wp\/v2\/types\/post"}],"author":[{"embeddable":true,"href":"https:\/\/jms.com.bo\/mediamonitorbo\/wp-json\/wp\/v2\/users\/1"}],"replies":[{"embeddable":true,"href":"https:\/\/jms.com.bo\/mediamonitorbo\/wp-json\/wp\/v2\/comments?post=125"}],"version-history":[{"count":0,"href":"https:\/\/jms.com.bo\/mediamonitorbo\/wp-json\/wp\/v2\/posts\/125\/revisions"}],"wp:attachment":[{"href":"https:\/\/jms.com.bo\/mediamonitorbo\/wp-json\/wp\/v2\/media?parent=125"}],"wp:term":[{"taxonomy":"category","embeddable":true,"href":"https:\/\/jms.com.bo\/mediamonitorbo\/wp-json\/wp\/v2\/categories?post=125"},{"taxonomy":"post_tag","embeddable":true,"href":"https:\/\/jms.com.bo\/mediamonitorbo\/wp-json\/wp\/v2\/tags?post=125"}],"curies":[{"name":"wp","href":"https:\/\/api.w.org\/{rel}","templated":true}]}}