{"id":1280,"date":"2025-02-20T07:47:45","date_gmt":"2025-02-20T11:47:45","guid":{"rendered":"https:\/\/jms.com.bo\/mediamonitorbo\/2025\/02\/20\/se-inicia-el-traslado-terrestre-de-los-aerogeneradores-para-el-parque-eolico-en-warnes\/"},"modified":"2025-02-20T07:47:45","modified_gmt":"2025-02-20T11:47:45","slug":"se-inicia-el-traslado-terrestre-de-los-aerogeneradores-para-el-parque-eolico-en-warnes","status":"publish","type":"post","link":"https:\/\/jms.com.bo\/mediamonitorbo\/2025\/02\/20\/se-inicia-el-traslado-terrestre-de-los-aerogeneradores-para-el-parque-eolico-en-warnes\/","title":{"rendered":"Se inicia el traslado terrestre de los aerogeneradores para el parque e\u00f3lico en Warnes"},"content":{"rendered":"<p>La Empresa Nacional de Electricidad (Ende) inici\u00f3 este mi\u00e9rcoles el traslado terrestre de los componentes de los aerogeneradores para el parque e\u00f3lico de Warnes II, en el departamento de Santa Cruz. El equipo fue enviado por la empresa Powerchina Zhongnan Engineering Corporation Limited.<br \/>\nEl transporte se realiza desde Puerto Jennefer, en Puerto Su\u00e1rez, hasta predios del proyecto en el municipio de Warnes, con el despliegue de equipos y personal t\u00e9cnico especializado.<br \/>\nEl proyecto e\u00f3lico pertenece al Plan El\u00e9ctrico del Estado Plurinacional, que apunta el cambio de la matriz energ\u00e9tica para dejar de depender de los combustibles f\u00f3siles en la generaci\u00f3n de energ\u00eda, dando paso a las renovables, limpias y amigables con el medio ambiente.<br \/>\nAerogeneradores<br \/>\nEl proyecto es financiado por la Agencia Francesa para el Desarrollo (AFD) y consiste en la implementaci\u00f3n de un parque e\u00f3lico con una potencia total instalada de 45 megavatios (MW), en el departamento de Santa Cruz.<br \/>\nSon 10 lotes que se trasladar\u00e1n hasta Warnes. En este primer lote se llevan tres palas de los aerogeneradores y una g\u00f3ndola con los elementos el\u00e9ctricos y mec\u00e1nicos necesarios para convertir el giro del rotor en energ\u00eda el\u00e9ctrica.<br \/>\nLos aerogeneradores ser\u00e1n instalados a una altura de 120 metros para aprovechar la energ\u00eda e\u00f3lica de una manera \u00f3ptima y tienen un peso de aproximadamente de 200 toneladas, por lo que, para el proceso de transporte se emplean modulares de carga pesada y camiones de plataforma extendida, adecuados para movilizar componentes de gran tama\u00f1o.<br \/>\nEl traslado de estos equipos se desarrolla de acuerdo con el plan de log\u00edstica que tiene ENDE Corporaci\u00f3n para garantizar un transporte seguro y eficiente hasta el municipio de Warnes y se prev\u00e9 concluir con este trabajo aproximadamente hasta abril.<br \/>\nEl proyecto no solo incrementar\u00e1 la oferta de electricidad a Warnes II, sino contribuir\u00e1 a la reducci\u00f3n de emisiones de gases de efecto invernadero.<\/p>\n","protected":false},"excerpt":{"rendered":"<p>La Empresa Nacional de Electricidad (Ende) inici\u00f3 este mi\u00e9rcoles el traslado terrestre de los componentes de los aerogeneradores para el parque e\u00f3lico de Warnes II, en el departamento de Santa Cruz. El equipo fue enviado por la empresa Powerchina Zhongnan Engineering Corporation Limited. El transporte se realiza desde Puerto Jennefer, en Puerto Su\u00e1rez, hasta predios [&hellip;]<\/p>\n","protected":false},"author":1,"featured_media":1281,"comment_status":"","ping_status":"open","sticky":false,"template":"","format":"standard","meta":{"pagelayer_contact_templates":[],"_pagelayer_content":"","footnotes":""},"categories":[18],"tags":[],"class_list":{"0":"post-1280","1":"post","2":"type-post","3":"status-publish","4":"format-standard","5":"has-post-thumbnail","7":"category-energia"},"_links":{"self":[{"href":"https:\/\/jms.com.bo\/mediamonitorbo\/wp-json\/wp\/v2\/posts\/1280","targetHints":{"allow":["GET"]}}],"collection":[{"href":"https:\/\/jms.com.bo\/mediamonitorbo\/wp-json\/wp\/v2\/posts"}],"about":[{"href":"https:\/\/jms.com.bo\/mediamonitorbo\/wp-json\/wp\/v2\/types\/post"}],"author":[{"embeddable":true,"href":"https:\/\/jms.com.bo\/mediamonitorbo\/wp-json\/wp\/v2\/users\/1"}],"replies":[{"embeddable":true,"href":"https:\/\/jms.com.bo\/mediamonitorbo\/wp-json\/wp\/v2\/comments?post=1280"}],"version-history":[{"count":0,"href":"https:\/\/jms.com.bo\/mediamonitorbo\/wp-json\/wp\/v2\/posts\/1280\/revisions"}],"wp:featuredmedia":[{"embeddable":true,"href":"https:\/\/jms.com.bo\/mediamonitorbo\/wp-json\/wp\/v2\/media\/1281"}],"wp:attachment":[{"href":"https:\/\/jms.com.bo\/mediamonitorbo\/wp-json\/wp\/v2\/media?parent=1280"}],"wp:term":[{"taxonomy":"category","embeddable":true,"href":"https:\/\/jms.com.bo\/mediamonitorbo\/wp-json\/wp\/v2\/categories?post=1280"},{"taxonomy":"post_tag","embeddable":true,"href":"https:\/\/jms.com.bo\/mediamonitorbo\/wp-json\/wp\/v2\/tags?post=1280"}],"curies":[{"name":"wp","href":"https:\/\/api.w.org\/{rel}","templated":true}]}}