{"id":1290,"date":"2025-02-20T07:39:15","date_gmt":"2025-02-20T11:39:15","guid":{"rendered":"https:\/\/jms.com.bo\/mediamonitorbo\/2025\/02\/20\/gobierno-espera-solicitud-del-organo-electoral-para-financiar-elecciones-de-agosto\/"},"modified":"2025-02-20T07:39:15","modified_gmt":"2025-02-20T11:39:15","slug":"gobierno-espera-solicitud-del-organo-electoral-para-financiar-elecciones-de-agosto","status":"publish","type":"post","link":"https:\/\/jms.com.bo\/mediamonitorbo\/2025\/02\/20\/gobierno-espera-solicitud-del-organo-electoral-para-financiar-elecciones-de-agosto\/","title":{"rendered":"Gobierno espera solicitud del \u00d3rgano Electoral para financiar elecciones de agosto"},"content":{"rendered":"<p>El Gobierno est\u00e1 a la espera de que el Tribunal Supremo Electoral (TSE) remita la solicitud formal de recursos econ\u00f3micos para financiar la organizaci\u00f3n de las elecciones generales del 17 de agosto de 2025.<br \/>\nAs\u00ed lo inform\u00f3 este mi\u00e9rcoles Rodolfo Perales, jefe de la Unidad de Presupuesto del Ministerio de Econom\u00eda, quien asegur\u00f3 que los fondos ya est\u00e1n garantizados en el Presupuesto General del Estado (PGR).<br \/>\n\u201cComo \u00d3rgano Ejecutivo estamos a la espera de que el \u00d3rgano Electoral nos remita la solicitud de los recursos. Vamos a activar los recursos que correspondan para llevar adelante las elecciones con todo lo que corresponde: seguridad, transparencia e imparcialidad, como est\u00e1 establecido en la declaratoria firmada por los representantes en el Tercer Encuentro Multipartidario\u201d, explic\u00f3 Perales.<br \/>\nElecciones<br \/>\nEl cuarto punto de la declaraci\u00f3n del encuentro multipartidario, realizado el lunes, establece que el \u00d3rgano Ejecutivo garantizar\u00e1 los recursos econ\u00f3micos necesarios para la organizaci\u00f3n de las elecciones, incluyendo el voto en el exterior y el Sistema de Transmisi\u00f3n de Resultados Electorales Preliminares (TREP).<br \/>\nAdem\u00e1s, se exhorta a la Asamblea Legislativa a aprobar un cr\u00e9dito de $us 100 millones con la Agencia de Cooperaci\u00f3n Internacional de Jap\u00f3n (JICA) para reforzar el financiamiento.<br \/>\nPerales detall\u00f3 que el cr\u00e9dito con JICA es una reposici\u00f3n de recursos que permitir\u00e1 al Estado cumplir con sus compromisos.<br \/>\n\u201cSon reposiciones, recursos que van a llegar al Estado para asumir ciertos compromisos. El Presupuesto General (del Estado) ya tiene garantizadas las previsiones correspondientes para asignar los recursos y llevar adelante el proceso electoral\u201d, insisti\u00f3.<br \/>\nEl presidente Luis Arce ratific\u00f3 que los recursos para los comicios est\u00e1n asegurados y destac\u00f3 que el cumplimiento de los 15 acuerdos alcanzados en el encuentro multipartidario evidencia el compromiso del Gobierno con la democracia.<br \/>\nEn las elecciones del pr\u00f3ximo 17 de agosto los bolivianos elegir\u00e1n al presidente y vicepresidente, 130 diputados, 36 senadores y 9 representantes supraestatales.<br \/>\nCon los recursos garantizados, el Gobierno espera que el TSE formalice su solicitud para iniciar los desembolsos y asegurar un proceso electoral transparente y eficiente.<\/p>\n","protected":false},"excerpt":{"rendered":"<p>El Gobierno est\u00e1 a la espera de que el Tribunal Supremo Electoral (TSE) remita la solicitud formal de recursos econ\u00f3micos para financiar la organizaci\u00f3n de las elecciones generales del 17 de agosto de 2025. As\u00ed lo inform\u00f3 este mi\u00e9rcoles Rodolfo Perales, jefe de la Unidad de Presupuesto del Ministerio de Econom\u00eda, quien asegur\u00f3 que los [&hellip;]<\/p>\n","protected":false},"author":1,"featured_media":1291,"comment_status":"","ping_status":"open","sticky":false,"template":"","format":"standard","meta":{"pagelayer_contact_templates":[],"_pagelayer_content":"","footnotes":""},"categories":[20,24,30],"tags":[],"class_list":{"0":"post-1290","1":"post","2":"type-post","3":"status-publish","4":"format-standard","5":"has-post-thumbnail","7":"category-politica","8":"category-portada-general-sitio","9":"category-portada-politica"},"_links":{"self":[{"href":"https:\/\/jms.com.bo\/mediamonitorbo\/wp-json\/wp\/v2\/posts\/1290","targetHints":{"allow":["GET"]}}],"collection":[{"href":"https:\/\/jms.com.bo\/mediamonitorbo\/wp-json\/wp\/v2\/posts"}],"about":[{"href":"https:\/\/jms.com.bo\/mediamonitorbo\/wp-json\/wp\/v2\/types\/post"}],"author":[{"embeddable":true,"href":"https:\/\/jms.com.bo\/mediamonitorbo\/wp-json\/wp\/v2\/users\/1"}],"replies":[{"embeddable":true,"href":"https:\/\/jms.com.bo\/mediamonitorbo\/wp-json\/wp\/v2\/comments?post=1290"}],"version-history":[{"count":0,"href":"https:\/\/jms.com.bo\/mediamonitorbo\/wp-json\/wp\/v2\/posts\/1290\/revisions"}],"wp:featuredmedia":[{"embeddable":true,"href":"https:\/\/jms.com.bo\/mediamonitorbo\/wp-json\/wp\/v2\/media\/1291"}],"wp:attachment":[{"href":"https:\/\/jms.com.bo\/mediamonitorbo\/wp-json\/wp\/v2\/media?parent=1290"}],"wp:term":[{"taxonomy":"category","embeddable":true,"href":"https:\/\/jms.com.bo\/mediamonitorbo\/wp-json\/wp\/v2\/categories?post=1290"},{"taxonomy":"post_tag","embeddable":true,"href":"https:\/\/jms.com.bo\/mediamonitorbo\/wp-json\/wp\/v2\/tags?post=1290"}],"curies":[{"name":"wp","href":"https:\/\/api.w.org\/{rel}","templated":true}]}}