{"id":1294,"date":"2025-02-20T07:36:44","date_gmt":"2025-02-20T11:36:44","guid":{"rendered":"https:\/\/jms.com.bo\/mediamonitorbo\/2025\/02\/20\/arcistas-definiran-en-ampliado-de-el-alto-estrategia-para-elegir-al-binomio-del-mas\/"},"modified":"2025-02-20T07:36:44","modified_gmt":"2025-02-20T11:36:44","slug":"arcistas-definiran-en-ampliado-de-el-alto-estrategia-para-elegir-al-binomio-del-mas","status":"publish","type":"post","link":"https:\/\/jms.com.bo\/mediamonitorbo\/2025\/02\/20\/arcistas-definiran-en-ampliado-de-el-alto-estrategia-para-elegir-al-binomio-del-mas\/","title":{"rendered":"Arcistas definir\u00e1n en ampliado de El Alto estrategia para elegir al binomio del MAS"},"content":{"rendered":"<p>Uno de los principales temas a tratar en el ampliado extraordinario del Movimiento Al Socialismo (MAS) a realizarse ma\u00f1ana en El Alto es la estrategia para elegir al binomio que los represente en las elecciones nacionales del pr\u00f3ximo 17 de agosto.<br \/>\nEl dirigente de la Confederaci\u00f3n Sindical \u00danica de Trabajadores Campesinos de Bolivia (Csutcb), Guery Garc\u00eda, se\u00f1al\u00f3 el ampliado ser\u00e1 hist\u00f3rico por la asistencia que se espera; inform\u00f3 que un sector de las Seis Federaciones del Tr\u00f3pico de Cochabamba formaliz\u00f3 su participaci\u00f3n en evento de ma\u00f1ana, dijo que cuentan con todo el respaldo en cuanto a su legalidad.<br \/>\nAclar\u00f3 que desde el MAS arcista no \u201ccerraron la puerta\u201d a los militantes afines al expresidente Evo Morales y reiter\u00f3 que las puertas est\u00e1n abiertas para lograr la unidad de cara a las elecciones generales de 2025.<br \/>\nAdelant\u00f3 que uno de los puntos a debatir ma\u00f1ana ser\u00e1 la conformaci\u00f3n del binomio presidencial y, en este sentido, se propondr\u00e1 la realizaci\u00f3n de unas elecciones internas con el objetivo de dar al candidato del MAS la legalidad y legitimidad necesarias.<br \/>\nSobre el ampliado, el dirigente de la Csutcb Mario Se\u00f1a, mencion\u00f3 que participar\u00e1n m\u00e1s de un centenar de organizaciones sociales con el fin de buscar la unidad; adem\u00e1s debe tratarse la situaci\u00f3n interna del MAS y sentar las bases para la elecci\u00f3n de candidato que los represente en los comicios nacionales.<br \/>\nEl presidente de la Comisi\u00f3n Pol\u00edtica del Pacto de Unidad, Hugo Casilla, insisti\u00f3 que este encuentro busca fortalecer la unidad del instrumento pol\u00edtico, rumbo a las elecciones generales. \u201cInvitar y convocar a todos los militantes del instrumento pol\u00edtico, porque es momento de buscar la unidad, ya que pelear entre campo y ciudad no es justo\u201d, exhort\u00f3.<br \/>\nCasilla manifest\u00f3 su apoyo a resolver las diferencias y a recuperar la unidad, \u201chasta con los actores pol\u00edticos que se alejaron del instrumento pol\u00edtico\u201d, refiri\u00e9ndose al senador Leonardo Loza y Morales, entre otros.<br \/>\nEl analista pol\u00edtico Paul Coca se\u00f1al\u00f3 que el MAS arcista cuenta con la legalidad otorgada por el Tribunal Constitucional para desarrollar el evento.<br \/>\nSe mantienen las alertas por lluvias<br \/>\nLa direcci\u00f3n departamental del Movimiento Al Socialismo (MAS) de Chuquisaca confirm\u00f3 su asistencia al ampliado extraordinario del Instrumento Pol\u00edtico que se llevar\u00e1 a cabo el viernes en el coliseo H\u00e9roes de Octubre, en la ciudad de El Alto.<br \/>\nLa Federaci\u00f3n Departamental de Trabajadores Campesinos de Tarija tambi\u00e9n afirm\u00f3 que asistir\u00e1 al ampliado.<br \/>\nEl Pacto de Unidad de Beni convoc\u00f3 a una congreso en Trinidad con miras al ampliado del MAS en El Alto a realizarse ma\u00f1ana.<\/p>\n","protected":false},"excerpt":{"rendered":"<p>Uno de los principales temas a tratar en el ampliado extraordinario del Movimiento Al Socialismo (MAS) a realizarse ma\u00f1ana en El Alto es la estrategia para elegir al binomio que los represente en las elecciones nacionales del pr\u00f3ximo 17 de agosto. El dirigente de la Confederaci\u00f3n Sindical \u00danica de Trabajadores Campesinos de Bolivia (Csutcb), Guery [&hellip;]<\/p>\n","protected":false},"author":1,"featured_media":1295,"comment_status":"","ping_status":"open","sticky":false,"template":"","format":"standard","meta":{"pagelayer_contact_templates":[],"_pagelayer_content":"","footnotes":""},"categories":[20],"tags":[],"class_list":{"0":"post-1294","1":"post","2":"type-post","3":"status-publish","4":"format-standard","5":"has-post-thumbnail","7":"category-politica"},"_links":{"self":[{"href":"https:\/\/jms.com.bo\/mediamonitorbo\/wp-json\/wp\/v2\/posts\/1294","targetHints":{"allow":["GET"]}}],"collection":[{"href":"https:\/\/jms.com.bo\/mediamonitorbo\/wp-json\/wp\/v2\/posts"}],"about":[{"href":"https:\/\/jms.com.bo\/mediamonitorbo\/wp-json\/wp\/v2\/types\/post"}],"author":[{"embeddable":true,"href":"https:\/\/jms.com.bo\/mediamonitorbo\/wp-json\/wp\/v2\/users\/1"}],"replies":[{"embeddable":true,"href":"https:\/\/jms.com.bo\/mediamonitorbo\/wp-json\/wp\/v2\/comments?post=1294"}],"version-history":[{"count":0,"href":"https:\/\/jms.com.bo\/mediamonitorbo\/wp-json\/wp\/v2\/posts\/1294\/revisions"}],"wp:featuredmedia":[{"embeddable":true,"href":"https:\/\/jms.com.bo\/mediamonitorbo\/wp-json\/wp\/v2\/media\/1295"}],"wp:attachment":[{"href":"https:\/\/jms.com.bo\/mediamonitorbo\/wp-json\/wp\/v2\/media?parent=1294"}],"wp:term":[{"taxonomy":"category","embeddable":true,"href":"https:\/\/jms.com.bo\/mediamonitorbo\/wp-json\/wp\/v2\/categories?post=1294"},{"taxonomy":"post_tag","embeddable":true,"href":"https:\/\/jms.com.bo\/mediamonitorbo\/wp-json\/wp\/v2\/tags?post=1294"}],"curies":[{"name":"wp","href":"https:\/\/api.w.org\/{rel}","templated":true}]}}