{"id":1298,"date":"2025-02-20T07:33:52","date_gmt":"2025-02-20T11:33:52","guid":{"rendered":"https:\/\/jms.com.bo\/mediamonitorbo\/2025\/02\/20\/transportistas-y-alcaldia-de-la-paz-acuerdan-mejoras-en-vehiculos-y-evitar-el-trameaje\/"},"modified":"2025-02-20T07:33:52","modified_gmt":"2025-02-20T11:33:52","slug":"transportistas-y-alcaldia-de-la-paz-acuerdan-mejoras-en-vehiculos-y-evitar-el-trameaje","status":"publish","type":"post","link":"https:\/\/jms.com.bo\/mediamonitorbo\/2025\/02\/20\/transportistas-y-alcaldia-de-la-paz-acuerdan-mejoras-en-vehiculos-y-evitar-el-trameaje\/","title":{"rendered":"Transportistas y Alcald\u00eda de La Paz acuerdan mejoras en veh\u00edculos y evitar el trameaje"},"content":{"rendered":"<p>Los transportistas pace\u00f1os asumieron el compromiso de mejorar sus veh\u00edculos en un plazo de dos a tres meses y tambi\u00e9n establecer mecanismos para evitar el trameaje, seg\u00fan lo anunci\u00f3 el alcalde Iv\u00e1n Arias, quien dio a conocer los resultados de la plenaria de la comisi\u00f3n encargada de esas \u00e1reas.<br \/>\nArias detall\u00f3 que las mejoras deber\u00e1n incluir la instalaci\u00f3n de asientos c\u00f3modos, la reparaci\u00f3n de ventanas en aquellas unidades que carecen de ellas y la implementaci\u00f3n de medidas de limpieza m\u00e1s estrictas, seg\u00fan un reporte edil.<br \/>\nPor otra parte, se defini\u00f3 la implementaci\u00f3n de cursos de capacitaci\u00f3n para conductores, con el objetivo de mejorar la atenci\u00f3n al ciudadano. Tambi\u00e9n se indic\u00f3 que se establecer\u00e1n sanciones para aquellos miembros que no cumplan con las rutas asignadas.<br \/>\n\u201cSe ha establecido un mecanismo para evitar el trameaje. En caso de incumplimiento, se activar\u00e1 el sistema de control conocido como \u2018temo\u2019, una tarjeta de movilidad que regular\u00e1 las rutas. Tambi\u00e9n se contempla la reducci\u00f3n de frecuencias en l\u00edneas donde no se cumpla con el servicio\u201d, declar\u00f3 Arias. seg\u00fan el reporte edil.<br \/>\nPor su lado, la Alcald\u00eda de La Paz se comprometi\u00f3 a dar continuidad al programa de \u201csuperasfaltos\u201d y \u201csuperbacheos\u201d en toda la urbe pace\u00f1a, despu\u00e9s de que termine la temporada de lluvias.<br \/>\n\u201cLa ciudad necesita una inversi\u00f3n significativa en infraestructura para mejorar las condiciones de las v\u00edas\u201d, a\u00f1adi\u00f3 Arias.<\/p>\n","protected":false},"excerpt":{"rendered":"<p>Los transportistas pace\u00f1os asumieron el compromiso de mejorar sus veh\u00edculos en un plazo de dos a tres meses y tambi\u00e9n establecer mecanismos para evitar el trameaje, seg\u00fan lo anunci\u00f3 el alcalde Iv\u00e1n Arias, quien dio a conocer los resultados de la plenaria de la comisi\u00f3n encargada de esas \u00e1reas. Arias detall\u00f3 que las mejoras deber\u00e1n [&hellip;]<\/p>\n","protected":false},"author":1,"featured_media":1299,"comment_status":"","ping_status":"open","sticky":false,"template":"","format":"standard","meta":{"pagelayer_contact_templates":[],"_pagelayer_content":"","footnotes":""},"categories":[21],"tags":[],"class_list":{"0":"post-1298","1":"post","2":"type-post","3":"status-publish","4":"format-standard","5":"has-post-thumbnail","7":"category-actualidad"},"_links":{"self":[{"href":"https:\/\/jms.com.bo\/mediamonitorbo\/wp-json\/wp\/v2\/posts\/1298","targetHints":{"allow":["GET"]}}],"collection":[{"href":"https:\/\/jms.com.bo\/mediamonitorbo\/wp-json\/wp\/v2\/posts"}],"about":[{"href":"https:\/\/jms.com.bo\/mediamonitorbo\/wp-json\/wp\/v2\/types\/post"}],"author":[{"embeddable":true,"href":"https:\/\/jms.com.bo\/mediamonitorbo\/wp-json\/wp\/v2\/users\/1"}],"replies":[{"embeddable":true,"href":"https:\/\/jms.com.bo\/mediamonitorbo\/wp-json\/wp\/v2\/comments?post=1298"}],"version-history":[{"count":0,"href":"https:\/\/jms.com.bo\/mediamonitorbo\/wp-json\/wp\/v2\/posts\/1298\/revisions"}],"wp:featuredmedia":[{"embeddable":true,"href":"https:\/\/jms.com.bo\/mediamonitorbo\/wp-json\/wp\/v2\/media\/1299"}],"wp:attachment":[{"href":"https:\/\/jms.com.bo\/mediamonitorbo\/wp-json\/wp\/v2\/media?parent=1298"}],"wp:term":[{"taxonomy":"category","embeddable":true,"href":"https:\/\/jms.com.bo\/mediamonitorbo\/wp-json\/wp\/v2\/categories?post=1298"},{"taxonomy":"post_tag","embeddable":true,"href":"https:\/\/jms.com.bo\/mediamonitorbo\/wp-json\/wp\/v2\/tags?post=1298"}],"curies":[{"name":"wp","href":"https:\/\/api.w.org\/{rel}","templated":true}]}}