{"id":1306,"date":"2025-02-20T07:27:37","date_gmt":"2025-02-20T11:27:37","guid":{"rendered":"https:\/\/jms.com.bo\/mediamonitorbo\/2025\/02\/20\/civicos-del-pais-se-reunen-el-25-de-febrero-para-analizar-conflicto-por-disposicion-confiscatoria-y-litio\/"},"modified":"2025-02-20T07:27:37","modified_gmt":"2025-02-20T11:27:37","slug":"civicos-del-pais-se-reunen-el-25-de-febrero-para-analizar-conflicto-por-disposicion-confiscatoria-y-litio","status":"publish","type":"post","link":"https:\/\/jms.com.bo\/mediamonitorbo\/2025\/02\/20\/civicos-del-pais-se-reunen-el-25-de-febrero-para-analizar-conflicto-por-disposicion-confiscatoria-y-litio\/","title":{"rendered":"C\u00edvicos del pa\u00eds se re\u00fanen el 25 de febrero para analizar conflicto por disposici\u00f3n \u201cconfiscatoria\u201d y litio"},"content":{"rendered":"<p>El movimiento c\u00edvico del pa\u00eds se reunir\u00e1 el 25 de febrero en la ciudad de Santa Cruz de la Sierra para analizar la demanda no atendida por la derogaci\u00f3n a la Disposici\u00f3n Adicional S\u00e9ptima del Presupuesto General del Estado (PGE) y el conflicto por la explotaci\u00f3n del litio.<br \/>\nEl presidente del Comit\u00e9 pro Santa Cruz, Fernando Larach, inform\u00f3 que la pasada jornada fueron enviadas las invitaciones a todos los presidentes c\u00edvicos para que puedan asistir al encuentro.<br \/>\n\u201cNo se descarta ninguna medida, las resoluciones o determinaciones tomar\u00e1n en la reuni\u00f3n del movimiento c\u00edvico nacional en coordinaci\u00f3n con el Comit\u00e9 Multisectorial\u201d, puntualiz\u00f3 Larach.<br \/>\nEl mismo d\u00eda de la reuni\u00f3n de los c\u00edvicos, el Comit\u00e9 Multisectorial sostendr\u00e1 un encuentro en la ciudad de Oruro para analizar la falta de respuesta del Gobierno y el Legislativo para derogar la disposici\u00f3n del PGE 2025, considerada \u201cconfiscatoria\u201d.<br \/>\n\u201cEstamos preocupados por la terquedad del Gobierno de mantener la Disposici\u00f3n S\u00e9ptima\u201d, cuestion\u00f3 Larach.<br \/>\nEl rechazo a los contratos de explotaci\u00f3n del litio en Potos\u00ed es otro de los temas que ser\u00e1n analizados en ambos encuentros. En la reuni\u00f3n del Comit\u00e9 Multisectorial, junto con el Comit\u00e9 C\u00edvico Potosinista (Comcipo), se defini\u00f3 que no se participar\u00e1 en ninguna reuni\u00f3n de socializaci\u00f3n y se prev\u00e9n movilizaciones.<\/p>\n","protected":false},"excerpt":{"rendered":"<p>El movimiento c\u00edvico del pa\u00eds se reunir\u00e1 el 25 de febrero en la ciudad de Santa Cruz de la Sierra para analizar la demanda no atendida por la derogaci\u00f3n a la Disposici\u00f3n Adicional S\u00e9ptima del Presupuesto General del Estado (PGE) y el conflicto por la explotaci\u00f3n del litio. El presidente del Comit\u00e9 pro Santa Cruz, [&hellip;]<\/p>\n","protected":false},"author":1,"featured_media":1307,"comment_status":"","ping_status":"open","sticky":false,"template":"","format":"standard","meta":{"pagelayer_contact_templates":[],"_pagelayer_content":"","footnotes":""},"categories":[22],"tags":[],"class_list":{"0":"post-1306","1":"post","2":"type-post","3":"status-publish","4":"format-standard","5":"has-post-thumbnail","7":"category-social"},"_links":{"self":[{"href":"https:\/\/jms.com.bo\/mediamonitorbo\/wp-json\/wp\/v2\/posts\/1306","targetHints":{"allow":["GET"]}}],"collection":[{"href":"https:\/\/jms.com.bo\/mediamonitorbo\/wp-json\/wp\/v2\/posts"}],"about":[{"href":"https:\/\/jms.com.bo\/mediamonitorbo\/wp-json\/wp\/v2\/types\/post"}],"author":[{"embeddable":true,"href":"https:\/\/jms.com.bo\/mediamonitorbo\/wp-json\/wp\/v2\/users\/1"}],"replies":[{"embeddable":true,"href":"https:\/\/jms.com.bo\/mediamonitorbo\/wp-json\/wp\/v2\/comments?post=1306"}],"version-history":[{"count":0,"href":"https:\/\/jms.com.bo\/mediamonitorbo\/wp-json\/wp\/v2\/posts\/1306\/revisions"}],"wp:featuredmedia":[{"embeddable":true,"href":"https:\/\/jms.com.bo\/mediamonitorbo\/wp-json\/wp\/v2\/media\/1307"}],"wp:attachment":[{"href":"https:\/\/jms.com.bo\/mediamonitorbo\/wp-json\/wp\/v2\/media?parent=1306"}],"wp:term":[{"taxonomy":"category","embeddable":true,"href":"https:\/\/jms.com.bo\/mediamonitorbo\/wp-json\/wp\/v2\/categories?post=1306"},{"taxonomy":"post_tag","embeddable":true,"href":"https:\/\/jms.com.bo\/mediamonitorbo\/wp-json\/wp\/v2\/tags?post=1306"}],"curies":[{"name":"wp","href":"https:\/\/api.w.org\/{rel}","templated":true}]}}